{"id":1128,"date":"2014-10-31T07:51:30","date_gmt":"2014-10-31T06:51:30","guid":{"rendered":"http:\/\/www.agenda-news.de\/?p=1128"},"modified":"2014-11-04T00:20:14","modified_gmt":"2014-11-03T23:20:14","slug":"armut-und-staatsuberschuldung-na-und","status":"publish","type":"post","link":"http:\/\/www.agenda-news.de\/?p=1128","title":{"rendered":"Armut und Staats\u00fcberschuldung \u2013 na und?"},"content":{"rendered":"<p><div id=\"attachment_1135\" style=\"width: 310px\" class=\"wp-caption alignleft\"><a href=\"http:\/\/www.agenda-news.de\/wp-content\/uploads\/2014\/10\/logo-_22-staatsverschuldung2.jpg\"><img loading=\"lazy\" decoding=\"async\" aria-describedby=\"caption-attachment-1135\" src=\"http:\/\/www.agenda-news.de\/wp-content\/uploads\/2014\/10\/logo-_22-staatsverschuldung2-300x218.jpg\" alt=\"Bild: Wikipedia\" width=\"300\" height=\"218\" class=\"size-medium wp-image-1135\" srcset=\"http:\/\/www.agenda-news.de\/wp-content\/uploads\/2014\/10\/logo-_22-staatsverschuldung2-300x218.jpg 300w, http:\/\/www.agenda-news.de\/wp-content\/uploads\/2014\/10\/logo-_22-staatsverschuldung2.jpg 337w\" sizes=\"auto, (max-width: 300px) 100vw, 300px\" \/><\/a><p id=\"caption-attachment-1135\" class=\"wp-caption-text\">Bid: Wikipedia<\/p><\/div>(Agenda 2011 \u2013 2012 Lehrte) Merkel gei\u00dfelt am Dienstag bei der Gedenkfeier aus Anlass des Ausbruchs des Ersten Weltkrieges 1914 im belgischen Nieuwpoort den Giftmord Deutscher Truppen. Sie weist nicht auf  90.000 tote Soldaten und eine Millionen Gas-Opfer in der Zivilbev\u00f6lkerung hin. Sie gei\u00dfelt auch nicht die zunehmende Armut bei Kindern und nicht,  dass Armut bei 979 Euro beginnt und 9,45 Millionen Rentner eine Bruttorente von unter 500 Euro beziehen. H\u00f6chstens ein h\u00f6fliches Bedauern.<\/p>\n<p>Die Antwort ist simpel, weil Bundesregierungen,  Arbeitgeberverb\u00e4nde, Gewerkschaften und der Finanzadel das so wollen. Einen gro\u00dfen Anteil tragen die B\u00fcrger daran. Sie haben sich von Schlecker und Karstadt abgewandt und kaufen lieber bei denen die \u201evor Gl\u00fcck schreien\u201c und kurzfristig zweistellige Milliardenums\u00e4tze aus dem Bode stampften. Was macht es ihnen aus, wenn ihre Anleger \u201evor Wut schreien\u201c, weil sie gerade 2.5 Milliarden Euro an der B\u00f6rse verloren haben?<\/p>\n<p>Es ist nun einmal so, dass jeder den Euro in die eigene Tasche stecken m\u00f6chte. Eine unglaubliche Gier nach Geld und Verm\u00f6gen hat sich breit gemacht,  wie eine schleichende Seuche, gegen die letztlich keiner ein Rezept hat. Es ist die Zeit der Egoisten, Steuerbetr\u00fcger, Oligarchen und b\u00f6rsenorientierten Unternehmen. Was bedeuten da noch Schlagzeilen die auf drohende Altersarmut hinweisen. Die Rentenerh\u00f6hungen f\u00fcr 2016 sollen niedriger ausfallen.  Als Grund wird die hohe Zahl von Geringverdienern in der Besch\u00e4ftigtenstatistik genannt. <\/p>\n<p>In der Rentenversicherung wurde im Juli ein H\u00f6chststand von 34,26 Milliarden Euro erreicht. Politiker bringen eine Absenkung des Beitrages von 19,9 auf 19,7 Prozent ins Gespr\u00e4ch, einige Unternehmen wollen eine Absenkung auf 17,4 Prozent. Armut beginnt f\u00fcr Singles (Statistisches Bundesamt)  mit 979 Euro netto im Monat. Auch f\u00fcr zwei Erwachsene mit 2 Kindern unter 14 Jahren die von  2.056 Euro im Monat, inklusiv Kindergeld und Mietzuschuss,  leben m\u00fcssen. Demnach sind alle Besch\u00e4ftigten die einen Mindestlohn von 8,50 Euro pro Stunde erhalten arm, die Nicht-Mindestlohn-Empf\u00e4nger m\u00fcssen sich den G\u00fcrtel noch enger schnallen.<\/p>\n<p>Deutschland ist das Niedriglohnland Nummer Eins in Europa, was bedeutet, dass davon 42,6 Millionen Besch\u00e4ftigte betroffen sind. In Deutschland ist der geschlechtsspezifische Verdienstunterschied am h\u00f6chsten. Statistiker vergleichen alle durchschnittlichen M\u00e4nnerl\u00f6hne mit allen durchschnittlichen Frauenl\u00f6hnen. Heraus kommt die unbereinigte Lohndifferenz \u2013 wonach Frauen nach Zahlen des Statistischen Bundesamtes 22 Prozent weniger verdienen als M\u00e4nner. Wie kriselnde Unternehmen mit Besch\u00e4ftigten umgehen zeigen Schlecker und Karstadt. Erst Lohnk\u00fcrzungen, Streichung von Weihnachts- und Urlaubsgeld, dann l\u00e4ngere Arbeitszeiten und Teilschlie\u00dfungen oder Konkurs.<\/p>\n<p>Der Druck durch Niedrigl\u00f6hne, Minijobs, Leiharbeit und Werkvertr\u00e4ge wird f\u00fcr Besch\u00e4ftigte immer gr\u00f6\u00dfer. Sie werden durch die Kalte Progression, Beitr\u00e4gen zum Soli und h\u00f6heren Beitr\u00e4gen zu den Sozialsystemen st\u00e4rker belastet (0,9 Prozent) als Arbeitgeber. Der soziale Wohnungsbau ist quasi zum Erliegen gekommen, preiswerter Wohnraum ist kaum noch vorhanden, so dass sie Mieterh\u00f6hungen immer st\u00e4rker belasten. Was verschwiegen wird ist, zu den13 Millionen Armen (16 Prozent) weitere 9,45 Millionen Rentner mit einer mtl. Bruttorente von unter 500 Euro und 3 Millionen die knapp dar\u00fcber liegen. 370.000 erwerbsunf\u00e4hige Sozialhilfeempf\u00e4nger sagen mehr als Worte. Demnach liegt die Armutsgrenze \u00fcber 30 Prozent!<\/p>\n<p>42,6 Millionen Besch\u00e4ftigte eine boomende Wirtschaft, Steuermehreinnahmen von zweistelligen Milliardenbetr\u00e4gen reichen  nicht aus der Armut st\u00e4rker zu begegnen. Im Gegenteil, Deutschland ist nach der Schuldenobergrenze von 60 Prozent mit rund 500 Milliarden Euro \u00fcberschuldet. Au\u00dferdem hat sich ein Investitionsstau von rund 320 Mrd. Euro aufgebaut. Kein Politiker, \u00d6konom, Wissenschaftler, Wirtschaftsweise oder sogenannter Experte hat eine Antwort, wie der Finanzbedarf von 820 Milliarden Euro gedeckt werden kann. Keiner der Staats- und Regierungschefs stellt sich dieser Frage, sie weichen alle aus und lassen die Menschen im Ungewissen! <\/p>\n<p>Das ARD\/Morgenmagazin zeigte am Mittwoch Ausschnitte mit Plasberg: Er wollte in einer  Diskussionsrunde von den anwesenden G\u00e4sten wissen, welche M\u00f6glichkeiten sie sehen die Staatsschulden abzubauen &#8211;  keiner von ihnen hatte ansatzweise eine Meinung dazu.  Die Initiative Agenda 2011 \u2013 2012 ist wahrscheinlich die einzige Interessensgemeinschaft die L\u00f6sungsvorschl\u00e4ge anbietet. <\/p>\n<p>Die Initiative Agenda 2011-2012 stellte der \u00d6ffentlichkeit im Mai 2010 ein Sanierungskonzept mit einem j\u00e4hrlichen Finanzrahmen von 275 Milliarden Euro vor, das f\u00fcr ausgeglichene Haushalte und R\u00fcckf\u00fchrung der Staatsschulden steht. Das Gr\u00fcndungsprotokoll ist als Sachbuch erschienen. In \u00fcber 300 Pressemitteilungen werden Reformvorschl\u00e4ge unterbreitet und das Programm dargestellt. <\/p>\n<p>Dieter Neumann<\/p>\n<p>Agenda 2011-2012<br \/>\nAgenda News<br \/>\nDieter Neumann<br \/>\n31275 Lehrte<br \/>\nWintershall Allee 7<br \/>\nTelefon\/Fax 05132-52919<br \/>\nwww.agenda2011-2012.de<br \/>\ninfo@agenda2011-2012.de<\/p>\n<p>Die Initiative Agenda 2011-2012 stellte der \u00d6ffentlichkeit im Mai 2010 ein Sanierungskonzept mit einem j\u00e4hrlichen Finanzrahmen von 275 Milliarden Euro vor, das f\u00fcr ausgeglichene Haushalte und R\u00fcckf\u00fchrung der Staatsschulden steht. Das Gr\u00fcndungsprotokoll ist als Sachbuch erschienen. In \u00fcber 300 Pressemitteilungen wurden Reformvorschl\u00e4ge unterbreitet und das Programm dargestellt. Um ihre Inhalte politisch umzusetzen kooperiert Agenda 2011-2012 mit der sich in Gr\u00fcndung befindlichen \u201eUnion f\u00fcr Soziale Sicherheit\u201c UfSS. <\/p>\n<p><a href=\"http:\/\/www.agenda-news.de\/wp-content\/uploads\/2014\/10\/logo-_22-staatsverschuldung.jpg\"><img loading=\"lazy\" decoding=\"async\" src=\"http:\/\/www.agenda-news.de\/wp-content\/uploads\/2014\/10\/logo-_22-staatsverschuldung-300x218.jpg\" alt=\"Bild. Wikipedia\" width=\"300\" height=\"218\" class=\"alignleft size-medium wp-image-1129\" srcset=\"http:\/\/www.agenda-news.de\/wp-content\/uploads\/2014\/10\/logo-_22-staatsverschuldung-300x218.jpg 300w, http:\/\/www.agenda-news.de\/wp-content\/uploads\/2014\/10\/logo-_22-staatsverschuldung.jpg 337w\" sizes=\"auto, (max-width: 300px) 100vw, 300px\" \/><\/a><\/p>\n","protected":false},"excerpt":{"rendered":"<p>(Agenda 2011 \u2013 2012 Lehrte) Merkel gei\u00dfelt am Dienstag bei der Gedenkfeier aus Anlass des Ausbruchs des Ersten Weltkrieges 1914 im belgischen Nieuwpoort den Giftmord Deutscher Truppen. Sie weist nicht auf 90.000 tote Soldaten und eine Millionen Gas-Opfer in der &hellip; <a href=\"http:\/\/www.agenda-news.de\/?p=1128\">Weiterlesen <span class=\"meta-nav\">&rarr;<\/span><\/a><\/p>\n","protected":false},"author":2,"featured_media":0,"comment_status":"closed","ping_status":"open","sticky":false,"template":"","format":"standard","meta":{"footnotes":""},"categories":[1],"tags":[850,513,898,214,955,1033,348,430,5,1031],"class_list":["post-1128","post","type-post","status-publish","format-standard","hentry","category-allgemein","tag-altersarmut","tag-arbeitgeberverbande","tag-arbeitnehmer","tag-armut","tag-bundesregierung","tag-egoisten","tag-finanzelite","tag-gewerkschaften","tag-sanierungskonzept","tag-staatsuberschuldung"],"_links":{"self":[{"href":"http:\/\/www.agenda-news.de\/index.php?rest_route=\/wp\/v2\/posts\/1128","targetHints":{"allow":["GET"]}}],"collection":[{"href":"http:\/\/www.agenda-news.de\/index.php?rest_route=\/wp\/v2\/posts"}],"about":[{"href":"http:\/\/www.agenda-news.de\/index.php?rest_route=\/wp\/v2\/types\/post"}],"author":[{"embeddable":true,"href":"http:\/\/www.agenda-news.de\/index.php?rest_route=\/wp\/v2\/users\/2"}],"replies":[{"embeddable":true,"href":"http:\/\/www.agenda-news.de\/index.php?rest_route=%2Fwp%2Fv2%2Fcomments&post=1128"}],"version-history":[{"count":9,"href":"http:\/\/www.agenda-news.de\/index.php?rest_route=\/wp\/v2\/posts\/1128\/revisions"}],"predecessor-version":[{"id":1144,"href":"http:\/\/www.agenda-news.de\/index.php?rest_route=\/wp\/v2\/posts\/1128\/revisions\/1144"}],"wp:attachment":[{"href":"http:\/\/www.agenda-news.de\/index.php?rest_route=%2Fwp%2Fv2%2Fmedia&parent=1128"}],"wp:term":[{"taxonomy":"category","embeddable":true,"href":"http:\/\/www.agenda-news.de\/index.php?rest_route=%2Fwp%2Fv2%2Fcategories&post=1128"},{"taxonomy":"post_tag","embeddable":true,"href":"http:\/\/www.agenda-news.de\/index.php?rest_route=%2Fwp%2Fv2%2Ftags&post=1128"}],"curies":[{"name":"wp","href":"https:\/\/api.w.org\/{rel}","templated":true}]}}