{"id":1159,"date":"2014-11-20T00:22:51","date_gmt":"2014-11-19T23:22:51","guid":{"rendered":"http:\/\/www.agenda-news.de\/?p=1159"},"modified":"2014-11-20T00:22:51","modified_gmt":"2014-11-19T23:22:51","slug":"is-boko-haram-al-kaida-und-taliban-toten-im-namen-allahs","status":"publish","type":"post","link":"http:\/\/www.agenda-news.de\/?p=1159","title":{"rendered":"IS, Boko Haram, Al Kaida und Taliban \u2013 T\u00f6ten im Namen Allahs"},"content":{"rendered":"<p><a href=\"http:\/\/www.agenda-news.de\/wp-content\/uploads\/2014\/11\/Leere-Seite-35-Logo-872.jpg\"><img loading=\"lazy\" decoding=\"async\" src=\"http:\/\/www.agenda-news.de\/wp-content\/uploads\/2014\/11\/Leere-Seite-35-Logo-872.jpg\" alt=\"\" width=\"143\" height=\"198\" class=\"alignleft size-full wp-image-1160\" \/><\/a>(Agenda2011-2012 Lehrte) Die Entwicklung im Islam erinnert unweigerlich an die Geschichte  Deutschlands und Europas ab 1526. In Europa erhoben sich die Menschen gegen Ausbeutung und Bevormundung durch die katholische Kirche, ihre P\u00e4pste und gegen die Feudalherrschaft. H\u00f6hepunkte waren der Bauernkrieg (1526), die Reformbem\u00fchungen Martin Luthers (1482-1546), der Drei\u00dfigj\u00e4hrige Krieg (1618-1648)und  die Franz\u00f6sische Revolution (1789-1799). Martin Luther wollte keine neue Kirche, sondern \u201eseine\u201c Kirche reformieren. Die Folge, \u00fcber Jahrhunderte dauernde kriegerische Auseinandersetzung zwischen Protestanten und Katholiken.<\/p>\n<p>Der blutige Aufstand gegen Klerus (christliches Priestertum) und Staat dauerten rund 400 Jahre. \u201eAnfang des 17. Jahrhunderts begann die Zeit der Aufkl\u00e4rung: Als wichtige Kennzeichen der Aufkl\u00e4rung gelten die Berufung auf die Vernunft als universelle Urteilsinstanz, der Kampf gegen Vorurteile, die Hinwendung zu den Naturwissenschaften, das Pl\u00e4doyer f\u00fcr religi\u00f6se Toleranz und die Orientierung am Naturrecht. Gesellschaftspolitisch zielte die Aufkl\u00e4rung auf mehr pers\u00f6nliche Handlungsfreiheit (Emanzipation), Bildung, B\u00fcrgerrechte, allgemeine Menschenrechte und das Gemeinwohl als Staatspflicht (Wikipedia)\u201c.<\/p>\n<p>Eins haben die 500 Jahre in der westlichen Welt bewirkt, den Menschen wurden weitere Kriege erspart und sie fanden nach und nach zu demokratischen Verh\u00e4ltnissen. Diese Entwicklung hat Russland (Gro\u00dff\u00fcrsten, Zaren, Kaiser bis 1947) und China  (2.132 Jahre Kaiserreich bis Februar 1912) nicht durchgemacht. Gleichzeitig entwickelte sich Indien, unter Einfluss des Buddhismus, zur gr\u00f6\u00dften Demokratie der Welt. Der Mittlere Osten, insbesondere die arabischen L\u00e4nder, verharren weiter im religi\u00f6sen Altertum, alten Strukturen und  jenseits von Menschrechten, um die der Westen \u00fcber Jahrhunderte gerungen hat. <\/p>\n<p>Dem Islam geh\u00f6ren rund 85 Prozent Sunniten an, sie stellen in den meisten islamischen L\u00e4ndern die Mehrheit der Muslime. Darunter Syrien, Saudi-Arabien, die Vereinigten Arabischen Emirate, Kuweit und Katar. Es ist nicht erwiesen, dass diese L\u00e4nder ma\u00dfgeblich den sunnitischen Terror finanzieren oder die dortigen Multi- Milliard\u00e4re.<\/p>\n<p>Die Schiiten herrschen als Minderheiten im Iran, Irak, Oman, Libanon, \u00c4gypten Aserbaidschan und Bahrain. Neben Russlands au\u00dfenpolitischem Sprecher Alexander Lukaschewitsch werfen Medien Saudi Arabien vor, internationale Terroristen in Syrien und Irak zu finanzieren. Sunniten und Schiiten stehen sich im Terror hasserf\u00fcllt gegen\u00fcber. Sie haben sich die USA als Erzfeind auserkoren. Die K\u00e4mpfer der IS sind dabei im Irak und Syrien ihre Schreckensherrschaft im Namen Allahs  auszubauen und den Islamischen Staat zu gr\u00fcnden.<\/p>\n<p>Der \u201eIslamische Staat\u201c verf\u00fcgt \u00fcber weitaus bessere Strukturen als der Westen geglaubt hat. Es ist ihre Grausamkeit die es dem Westen und arabischen Streitkr\u00e4ften moralisch leicht macht gegen die IS vorzugehen. Man scheint geneigt zu sein darin die L\u00f6sung des Konfliktes zu sehen. Die gr\u00f6\u00dfte Gefahr f\u00fcr den Islam ist, dass die Dschihadisten die Deutungshoheit \u00fcber die Auslegung des islamischen Glaubens f\u00fcr sich beanspruchen. <\/p>\n<p>In diesem Konflikt ist es  nicht damit getan, dass Stimmen nach Vergeltung rufen. Der \u201eIslamische Staat\u201c erh\u00e4lt eine angemessene Antwort durch eine breite Milit\u00e4rallianz mit arabischen Verb\u00fcndeten. F\u00fcr die Menschen ist der Westen das Tor zur Freiheit. Sie wollen Arbeit, Bildung und Ausbildung, eine H\u00fctte oder  bezahlbaren Wohnraum, Menschenrechte, Meinungs- und Pressefreiheit,  Rechte f\u00fcr Frauen, ein intaktes  Gesundheitswesen &#8211;  sofort und nicht erst in Jahrzehnten. Das wird ihnen von den m\u00e4chtigen und reichen Staatsf\u00fchrern verweigert. Sie st\u00fctzen sich auf Terror, Polizei und Armee um ihre Macht zu erhalten.<\/p>\n<p>Der Handlungsspielraum des Westens ist sehr begrenzt &#8211; politisch wie \u00f6konomisch: Die USA, Japan und EU-Staaten sind mit rund 15.350 Milliarden Euro \u00fcberschuldet, Rezession, hohe Arbeitslosigkeit, steigende Lebenshaltungskosten, stagnierende Binnennachfrage und geringes Wirtschaftswachstum, sinkende Einkommen und Rente,  um Schwerpunkte zu nennen. Die globalen Krisen, Ebola und Umweltsch\u00e4den schlagen mit hohen Kosten zu Buche. Das alles f\u00fchrt dazu, dass private und staatliche Investitionen fehlen, um die Wirtschaft anzuschieben.<\/p>\n<p>Die Initiative Agenda 2011-2012 leistet einen Beitrag dazu, wie die Krise \u00fcberwunden werden k\u00f6nnte. Sie stellte der \u00d6ffentlichkeit im Mai 2010 ein Sanierungskonzept mit einem j\u00e4hrlichen Finanzrahmen von 275 Milliarden Euro vor, das f\u00fcr ausgeglichene Haushalte und R\u00fcckf\u00fchrung der Staatsschulden steht. Das Gr\u00fcndungsprotokoll ist als Sachbuch erschienen. In \u00fcber 300 Pressemitteilungen werden Reformvorschl\u00e4ge unterbreitet und das Programm dargestellt. <\/p>\n<p>Dieter Neumann<\/p>\n<p>Agenda 2011-2012<br \/>\nAgenda News<br \/>\n31275 Lehrte<br \/>\nWintershall Allee 7<br \/>\nTelefon\/Fax 05132-52919<br \/>\nwww.agenda2011-2012.de<br \/>\ninfo@agenda2011-2012.de<\/p>\n<p>Die Initiative Agenda 2011-2012 stellte der \u00d6ffentlichkeit im Mai 2010 ein Sanierungskonzept mit einem j\u00e4hrlichen Finanzrahmen von 275 Milliarden Euro vor, das f\u00fcr ausgeglichene Haushalte und R\u00fcckf\u00fchrung der Staatsschulden steht. Das Gr\u00fcndungsprotokoll ist als Sachbuch erschienen. In \u00fcber 300 Pressemitteilungen wurden Reformvorschl\u00e4ge unterbreitet und das Programm dargestellt. Um ihre Inhalte politisch umzusetzen kooperiert Agenda 2011-2012 mit der sich in Gr\u00fcndung befindlichen \u201eUnion f\u00fcr Soziale Sicherheit\u201c UfSS. <\/p>\n","protected":false},"excerpt":{"rendered":"<p>(Agenda2011-2012 Lehrte) Die Entwicklung im Islam erinnert unweigerlich an die Geschichte Deutschlands und Europas ab 1526. In Europa erhoben sich die Menschen gegen Ausbeutung und Bevormundung durch die katholische Kirche, ihre P\u00e4pste und gegen die Feudalherrschaft. H\u00f6hepunkte waren der Bauernkrieg &hellip; <a href=\"http:\/\/www.agenda-news.de\/?p=1159\">Weiterlesen <span class=\"meta-nav\">&rarr;<\/span><\/a><\/p>\n","protected":false},"author":2,"featured_media":0,"comment_status":"closed","ping_status":"open","sticky":false,"template":"","format":"standard","meta":{"footnotes":""},"categories":[1],"tags":[1048,1050,583,1049,926,5,582,1031,581,586],"class_list":["post-1159","post","type-post","status-publish","format-standard","hentry","category-allgemein","tag-dschihadisten","tag-glaubenskrieg","tag-islam","tag-islamischer-staat","tag-muslime","tag-sanierungskonzept","tag-schiiten","tag-staatsuberschuldung","tag-sunniten","tag-terror"],"_links":{"self":[{"href":"http:\/\/www.agenda-news.de\/index.php?rest_route=\/wp\/v2\/posts\/1159","targetHints":{"allow":["GET"]}}],"collection":[{"href":"http:\/\/www.agenda-news.de\/index.php?rest_route=\/wp\/v2\/posts"}],"about":[{"href":"http:\/\/www.agenda-news.de\/index.php?rest_route=\/wp\/v2\/types\/post"}],"author":[{"embeddable":true,"href":"http:\/\/www.agenda-news.de\/index.php?rest_route=\/wp\/v2\/users\/2"}],"replies":[{"embeddable":true,"href":"http:\/\/www.agenda-news.de\/index.php?rest_route=%2Fwp%2Fv2%2Fcomments&post=1159"}],"version-history":[{"count":4,"href":"http:\/\/www.agenda-news.de\/index.php?rest_route=\/wp\/v2\/posts\/1159\/revisions"}],"predecessor-version":[{"id":1165,"href":"http:\/\/www.agenda-news.de\/index.php?rest_route=\/wp\/v2\/posts\/1159\/revisions\/1165"}],"wp:attachment":[{"href":"http:\/\/www.agenda-news.de\/index.php?rest_route=%2Fwp%2Fv2%2Fmedia&parent=1159"}],"wp:term":[{"taxonomy":"category","embeddable":true,"href":"http:\/\/www.agenda-news.de\/index.php?rest_route=%2Fwp%2Fv2%2Fcategories&post=1159"},{"taxonomy":"post_tag","embeddable":true,"href":"http:\/\/www.agenda-news.de\/index.php?rest_route=%2Fwp%2Fv2%2Ftags&post=1159"}],"curies":[{"name":"wp","href":"https:\/\/api.w.org\/{rel}","templated":true}]}}