{"id":1225,"date":"2014-12-22T00:28:33","date_gmt":"2014-12-21T23:28:33","guid":{"rendered":"http:\/\/www.agenda-news.de\/?p=1225"},"modified":"2014-12-22T00:28:33","modified_gmt":"2014-12-21T23:28:33","slug":"italien-die-hutte-brennt","status":"publish","type":"post","link":"http:\/\/www.agenda-news.de\/?p=1225","title":{"rendered":"Italien \u2013 die H\u00fctte brennt"},"content":{"rendered":"<p><a href=\"http:\/\/www.agenda-news.de\/wp-content\/uploads\/2014\/12\/logo_-131.jpg\"><img loading=\"lazy\" decoding=\"async\" src=\"http:\/\/www.agenda-news.de\/wp-content\/uploads\/2014\/12\/logo_-131.jpg\" alt=\"Bild: Agenda2011-2012\" width=\"135\" height=\"85\" class=\"alignleft size-full wp-image-1232\" \/><\/a>Lehrte, 22.12.2014 Italien r\u00fcckt in der Schuldenkrise wieder in den Mittelpunkt des Geschehens. Abgesehen von den rei\u00dferischen News mit denen Medien um die Gunst der Leser buhlen ergibt sich n\u00fcchtern betrachtet folgendes Bild: Gemessen am Bruttoinlandsprodukt von 1.569,02 Milliarden Euro betr\u00e4gt die Schuldenlast Italiens 2.168,67 Mrd. Euro. Nach dem Maastricht Referenzwert von 60 Prozent sind 936,01 Mrd. Euro zul\u00e4ssig. Demnach liegt die Staats\u00fcberschuldung bei 1.238,66 Mrd. Euro (Statista).<\/p>\n<p>Italiens Zinslast erscheint ertr\u00e4glich und zahlt f\u00fcr alle Staatsanleihen, alte  wie neue, durchschnittlich rund 4,5 Prozent Zinsen. 2005 waren es noch rund 10 Prozent. Derzeit muss Italien 3,2 Prozent  an Zinsleistungen aufbringen (69,37 Mrd. Euro). Daraus ergibt sich folgende Bilanz im Vergleich zu Deutschland: Das Bruttoinlandsprodukt Deutschlands lag 2013 bei 2.690 Milliarden Euro und die Einnahmen zum Bundeshaushalt bei 270 Mrd. Euro (10 Prozent).<\/p>\n<p>Unter vergleichbaren Kriterien betr\u00e4gt auch der Bundeshaushalt Italiens rund 10 Prozent vom BIP (rund 160 Mrd. Euro). Nach Abzug der Zinsquote von 3,2 Prozent oder 69,37  Mrd. Euro, verbleiben  Einnahmen von 91 Mrd. Euro. Davon kann der Staat nur einen Teil seiner Kosten begleichen, er muss sich die Differenz an den Kapitalm\u00e4rkten besorgen. Da Italien bis Ende 2014 ein Viertel seiner Altlasten durch neue Staatsschulden, bei einem Zinssatz von rund 7 Prozent abl\u00f6sen muss, d\u00fcrfte der Durchschnittssatz auf 5 Prozent steigen. Der Haushalt von 160 Mrd. Euro w\u00fcrde dann mit 108 Mrd. Euro belastet.<\/p>\n<p>Damit nicht genug, hohe  Zinsen f\u00fcr den Staat treiben auch die Zinsen f\u00fcr die Privatwirtschaft nach oben, was Investitionen erschwert und  Wachstum hemmt. Italien befindet sich seit 3 Jahren in der Rezession. 43,7 Prozent der jungen Italiener sind arbeitslos, die Arbeitslosenquote liegt bei 12,7 Prozent. Niedrige L\u00f6hne, niedrige Renten und K\u00fcrzungen in sozialen Bereichen treiben die Menschen in die Hoffnungslosigkeit und auf die Stra\u00dfe. Reiche bringen ihr Geld in Sicherheit und haben kein Interesse daran sich angemessen an den Kosten des Staates zu beteiligen.<\/p>\n<p>Italiens Probleme sind nur etwas gr\u00f6\u00dfer als die von Irland, England, Frankreich, Belgien, Portugal, Spanien und einigen Balkanstaaten. Sie n\u00e4hern sich bedenklich der Situation in Griechenland. Dort haften \u00f6ffentliche Gl\u00e4ubiger, die Euro-Partner. In Italien haften ausschlie\u00dflich Banken, Versicherungen und Fonds. Werden sie in Anspruch genommen verlieren sie Milliarden, es bleiben ihnen nur Klagen. Deutschland kann sich nicht davonstehlen, der Staat ist mit rund 500 Milliarden Euro \u00fcberschuldet und hat einen Investitionsstau von rund 320 Milliarden Euro aufgebaut. 170.000 Stellen im \u00f6ffentlichen Dienst sind nicht besetzt, sie wurden eingespart. Eine Korrektur w\u00fcrde \u00fcber 5 Milliarden Euro kosten.<\/p>\n<p>12 Millionen Arme, 1,6 Millionen arme Kinder und knapp 4 Millionen Rentner mit einer Bruttorente unter 500 Euro und 5,5 Millionen unter Brutto 700 Euro passen nicht in das Bild von Deutschland, dem reichsten Land und der gr\u00f6\u00dften Wirtschaftsmacht in Europa. Es ist kein gutes Zeichen, dass die  Staats- und Regierungschefs keine Antwort auf die L\u00f6sung der Schuldenkrise haben. Die Presse schweigt dazu und berichtet lieber rei\u00dferisch \u00fcber Kriege, Naturkatastrophen, prangert den Islam an und besch\u00e4ftigt sich vorzugsweise mit Personalien.<\/p>\n<p>Alternativ zu dieser Entwicklung stellte die Initiative Agenda 2011-2012 der \u00d6ffentlichkeit im Mai 2010 ein Sanierungskonzept mit einem j\u00e4hrlichen Finanzrahmen von 275 Milliarden Euro vor, das f\u00fcr ausgeglichene Haushalte und R\u00fcckf\u00fchrung der Staatsschulden steht. Das Gr\u00fcndungsprotokoll ist als Sachbuch erschienen. In \u00fcber 300 Pressemitteilungen wurden Reformvorschl\u00e4ge unterbreitet und das Programm dargestellt. Um ihre Inhalte politisch umzusetzen kooperiert Agenda 2011-2012 mit der sich in Gr\u00fcndung befindlichen \u201eUnion f\u00fcr Soziale Sicherheit\u201c UfSS. <\/p>\n<p>Dieter Neumann<\/p>\n<p>Agenda 2011-2012<br \/>\nAgenda News<br \/>\nDieter Neumann<br \/>\n31275 Lehrte<br \/>\nWintershall Allee 7<br \/>\nTelefon\/Fax 05132-52919<br \/>\nwww.agenda2011-2012.de<br \/>\ninfo@agenda2011-2012.de<\/p>\n<p>Die Initiative Agenda 2011-2012 stellte der \u00d6ffentlichkeit im Mai 2010 ein Sanierungskonzept mit einem j\u00e4hrlichen Finanzrahmen von 275 Milliarden Euro vor, das f\u00fcr ausgeglichene Haushalte und R\u00fcckf\u00fchrung der Staatsschulden steht. Das Gr\u00fcndungsprotokoll ist als Sachbuch erschienen. In \u00fcber 300 Pressemitteilungen wurden Reformvorschl\u00e4ge unterbreitet und das Programm dargestellt. Um ihre Inhalte politisch umzusetzen kooperiert Agenda 2011-2012 mit der sich in Gr\u00fcndung befindlichen \u201eUnion f\u00fcr Soziale Sicherheit\u201c UfSS.<br \/>\n<div id=\"attachment_1229\" style=\"width: 145px\" class=\"wp-caption alignleft\"><a href=\"http:\/\/www.agenda-news.de\/wp-content\/uploads\/2014\/12\/logo_-13.jpg\"><img loading=\"lazy\" decoding=\"async\" aria-describedby=\"caption-attachment-1229\" src=\"http:\/\/www.agenda-news.de\/wp-content\/uploads\/2014\/12\/logo_-13.jpg\" alt=\"\" width=\"135\" height=\"85\" class=\"size-full wp-image-1229\" \/><\/a><p id=\"caption-attachment-1229\" class=\"wp-caption-text\">Bild: Agenda 2011-2012<\/p><\/div><\/p>\n","protected":false},"excerpt":{"rendered":"<p>Lehrte, 22.12.2014 Italien r\u00fcckt in der Schuldenkrise wieder in den Mittelpunkt des Geschehens. Abgesehen von den rei\u00dferischen News mit denen Medien um die Gunst der Leser buhlen ergibt sich n\u00fcchtern betrachtet folgendes Bild: Gemessen am Bruttoinlandsprodukt von 1.569,02 Milliarden Euro &hellip; <a href=\"http:\/\/www.agenda-news.de\/?p=1225\">Weiterlesen <span class=\"meta-nav\">&rarr;<\/span><\/a><\/p>\n","protected":false},"author":2,"featured_media":0,"comment_status":"closed","ping_status":"open","sticky":false,"template":"","format":"standard","meta":{"footnotes":""},"categories":[1],"tags":[214,482,647,1070,1072,88,5,242,1071,1031],"class_list":["post-1225","post","type-post","status-publish","format-standard","hentry","category-allgemein","tag-armut","tag-bruttoinlandsprodukt","tag-investitionen","tag-italien","tag-privatwirtschaft","tag-rezession","tag-sanierungskonzept","tag-schuldenkrise","tag-schuldenlast","tag-staatsuberschuldung"],"_links":{"self":[{"href":"http:\/\/www.agenda-news.de\/index.php?rest_route=\/wp\/v2\/posts\/1225","targetHints":{"allow":["GET"]}}],"collection":[{"href":"http:\/\/www.agenda-news.de\/index.php?rest_route=\/wp\/v2\/posts"}],"about":[{"href":"http:\/\/www.agenda-news.de\/index.php?rest_route=\/wp\/v2\/types\/post"}],"author":[{"embeddable":true,"href":"http:\/\/www.agenda-news.de\/index.php?rest_route=\/wp\/v2\/users\/2"}],"replies":[{"embeddable":true,"href":"http:\/\/www.agenda-news.de\/index.php?rest_route=%2Fwp%2Fv2%2Fcomments&post=1225"}],"version-history":[{"count":7,"href":"http:\/\/www.agenda-news.de\/index.php?rest_route=\/wp\/v2\/posts\/1225\/revisions"}],"predecessor-version":[{"id":1237,"href":"http:\/\/www.agenda-news.de\/index.php?rest_route=\/wp\/v2\/posts\/1225\/revisions\/1237"}],"wp:attachment":[{"href":"http:\/\/www.agenda-news.de\/index.php?rest_route=%2Fwp%2Fv2%2Fmedia&parent=1225"}],"wp:term":[{"taxonomy":"category","embeddable":true,"href":"http:\/\/www.agenda-news.de\/index.php?rest_route=%2Fwp%2Fv2%2Fcategories&post=1225"},{"taxonomy":"post_tag","embeddable":true,"href":"http:\/\/www.agenda-news.de\/index.php?rest_route=%2Fwp%2Fv2%2Ftags&post=1225"}],"curies":[{"name":"wp","href":"https:\/\/api.w.org\/{rel}","templated":true}]}}