{"id":1373,"date":"2015-02-18T07:04:03","date_gmt":"2015-02-18T06:04:03","guid":{"rendered":"http:\/\/www.agenda-news.de\/?p=1373"},"modified":"2015-03-04T07:15:00","modified_gmt":"2015-03-04T06:15:00","slug":"union-fur-soziale-sicherheit-eine-neue-partei-stellt-sich-vor-2","status":"publish","type":"post","link":"http:\/\/www.agenda-news.de\/?p=1373","title":{"rendered":"Union f\u00fcr Soziale Sicherheit \u2013 Eine neue Partei stellt sich vor"},"content":{"rendered":"<p><a href=\"http:\/\/www.agenda-news.de\/wp-content\/uploads\/2015\/02\/05_ufss-logo-1.jpg\"><img loading=\"lazy\" decoding=\"async\" class=\"alignleft size-full wp-image-1374\" src=\"http:\/\/www.agenda-news.de\/wp-content\/uploads\/2015\/02\/05_ufss-logo-1.jpg\" alt=\"Bild: Agenda201-2012\" width=\"188\" height=\"113\" \/><\/a>Lehrte, 18.2.2015 Die Initiative Agenda 2011- 2012 ist politisch unabh\u00e4ngig und neutral in ihren Vortr\u00e4gen. Sie bekennt sich zum Grundgesetz und den politischen Parteien. Fakten werden in verst\u00e4ndlicher Weise dargestellt und deren Zusammenh\u00e4nge erkl\u00e4rt. W\u00e4hrend sich die im Bundestag vertretenen Parteien auf Ideologien st\u00fctzen, ist das Programm der Initiative 2011-2012 auf Logik aufgebaut. Im Mai 2010 wurde der \u00d6ffentlichkeit ein Sanierungsprogramm zur \u00dcberwindung der Finanz-, Wirtschafts-, Banken-, Schulden- und Vertrauenskrise vorgestellt.<!--more--><\/p>\n<p>Das Sanierungsprogramm hat zwischenzeitlich einen Finanzrahmen von 275 Milliarden Euro und steht f\u00fcr ausgeglichene Haushalte und R\u00fcckf\u00fchrung der Staatsschulden. Es steht f\u00fcr soziale und finanzierbare Haushaltspolitik, f\u00fcr mehr Gerechtigkeit und eine Umverteilung die sich am Lastenausgleich (1948), dem L\u00e4nderfinanzausgleich (1951) und dem Solidarit\u00e4tszuschlag (1991) orientiert. Im Laufe dieser Zeit wurden hunderte Milliarden DM und Euro von Reichen an Arme umverteilt.<\/p>\n<p>Die Initiative Agenda 2011-2012 stimmt f\u00fcr ein sozial sicheres Europa, f\u00fcr mehr Handlungsf\u00e4higkeit, f\u00fcr eine starke Milit\u00e4rallianz mit Beteiligung einer Spezialeinheit der Bundeswehr, Verbesserung der prek\u00e4ren Wirtschaftslage und Abbau der Staatsschulden. Das Gr\u00fcndungsprotokoll ist als Sachbuch erschienen. Neben der Internetpr\u00e4senz wurden \u00fcber 1.000 Personen des \u00f6ffentlichen Lebens schriftlich \u00fcber die Arbeit von Agenda 2011-2012 informiert.<\/p>\n<p>5 Jahre Agenda 2011-2012: Gleichzeitig wurde das Presseorgan Agenda News gegr\u00fcndet, um \u00d6ffentlichkeitsarbeit effektiver zu gestalten. Es werden internationale und nationale Nachrichten tagesaktuell ausgewertet und darauf in die Zukunft weisende Antworten publiziert. Daran beteiligt sind 50 Presse- und Nachrichtenportale die alle 4 Tage eine hauseigene Pressemitteilung ver\u00f6ffentlichen. Der \u00d6ffentlichkeitsarbeit ist es zu verdanken, dass User \u00fcber 5 Millionen Seiten aufgerufen, gespeichert und gelesen haben. Die Initiative Agenda 2011-2012 kooperiert mit der in Gr\u00fcndung befindlichen \u201eUnion f\u00fcr Soziale Sicherheit\u201c.<\/p>\n<p>Union f\u00fcr Soziale Sicherheit: FDP und Piraten sind an Fl\u00fcgelk\u00e4mpfen gescheitert. Die AfD hat sich mit rechtsradikalen Parolen in den Bundestag geschossen, ohne Wahlprogramm. Sie meinen wohl zu recht, was andere konnten, k\u00f6nnten sie auch. Im September soll nun ein Parteiprogramm folgen. Vor Fl\u00fcgelk\u00e4mpfen sind weder sie noch andere Parteien sicher. Z\u00fcndstoff sind fehlende Finanzierungsmodelle wie zum Beispiel der Abbau des Investitionstaus von rund 320 Mrd. Euro und ein ganzes B\u00fcndel an Reformen die auf die lange Bank geschoben werden.<\/p>\n<p>Europakrise, Griechenland und Nehmerstaaten, Ukraine, Russland, Islamismus und Islamischer Staat, Jemen, Syrien, Libyen, weitere Kriegsgebiete im Nahen Osten und afrikanische Staaten, Iran, Nord-\/S\u00fcdkorea, Naturkatastrophen und Umweltschutz sind die gro\u00dfen Herausforderungen. Die USA, Japan und EU-Staaten sind nach der Maastricht Schuldenobergrenze von 60 Prozent mit rund 15.300 Milliarden Euro \u00fcberschuldet. Dies im Schatten von Rezession, hoher Arbeitslosigkeit, sinkenden L\u00f6hnen und Renten und unertr\u00e4glichen Sparprogrammen.<\/p>\n<p>Nach einer Oxfam-Studie wird 2016 ein Prozent der Menschheit 99 Prozent des Welt-Verm\u00f6gens besitzen. Das Ziel der Union f\u00fcr Soziale Sicherheit ist, die Finanzelite angemessen an den Kosten des Staates \u2013 der Staaten \u2013 zu beteiligen. In Deutschland verwalten Parlamentarier 2.050 Milliarden Euro Schulden, wobei Unternehmen f\u00fcr einen Umsatz von rund 5.650 Milliarden Euro stehen. Sie sind straff in Lobbys organisiert und dr\u00fccken mit ihrer Macht auf politische Entscheidungen &#8211; zu ihren Gunsten.<\/p>\n<p>Mit der Gr\u00fcndung der \u201eUnion f\u00fcr Soziale Sicherheit\u201c soll die au\u00dferparlamentarische Arbeit der Initiative Agenda 2011-2012 als parlamentarische Opposition fortgesetzt werden. Es wird ein umfassendes Sanierungsprogramm und ein politisches Konzept angeboten, an das die Bitte gekn\u00fcpft ist &#8211; mitmachen und gewinnen. Jeder kann sich als Partei-, F\u00f6rder- oder Gr\u00fcndungsmitglied an der Durchsetzung dieser Ziele beteiligen.<\/p>\n<p>Union f\u00fcr Soziale Sicherheit<\/p>\n<p>Agenda 2011-2012<br \/>\nAgenda News<br \/>\nUnion f\u00fcr Soziale Sicherheit<br \/>\nDieter Neumann<br \/>\nWintershall Allee 7<br \/>\n31275 Lehrte<br \/>\nTelefon\/Fax 05132-52919<br \/>\nwww.agenda2011-2012.de<br \/>\ninfo@agenda2011-2012.de<\/p>\n<p>Die Initiative Agenda 2011-2012 stellte der \u00d6ffentlichkeit im Mai 2010 ein Sanierungskonzept mit einem j\u00e4hrlichen Finanzrahmen von 275 Milliarden Euro vor, das f\u00fcr ausgeglichene Haushalte und R\u00fcckf\u00fchrung der Staatsschulden steht. Sie stimmt f\u00fcr ein sozial sicheres Europa, f\u00fcr mehr Handlungsf\u00e4higkeit, f\u00fcr eine starke Milit\u00e4rallianz, Verbesserung der prek\u00e4ren Wirtschaftslage und Abbau der Staatsschulden. Das Gr\u00fcndungsprotokoll ist als Sachbuch erschienen und dient als Basisprogramm zur Gr\u00fcndung und Kooperation der \u201eUnion f\u00fcr Soziale Sicherheit\u201c. Das Ziel: Als Teil der parlamentarischen Opposition das Programm zu realisieren, um neue Strategien und Schwerpunkte in die Politik einzubringen, zum Wohl der B\u00fcrger und Unternehmen.<\/p>\n","protected":false},"excerpt":{"rendered":"<p>Lehrte, 18.2.2015 Die Initiative Agenda 2011- 2012 ist politisch unabh\u00e4ngig und neutral in ihren Vortr\u00e4gen. Sie bekennt sich zum Grundgesetz und den politischen Parteien. Fakten werden in verst\u00e4ndlicher Weise dargestellt und deren Zusammenh\u00e4nge erkl\u00e4rt. W\u00e4hrend sich die im Bundestag vertretenen &hellip; <a href=\"http:\/\/www.agenda-news.de\/?p=1373\">Weiterlesen <span class=\"meta-nav\">&rarr;<\/span><\/a><\/p>\n","protected":false},"author":2,"featured_media":0,"comment_status":"closed","ping_status":"open","sticky":false,"template":"","format":"standard","meta":{"footnotes":""},"categories":[1],"tags":[100,214,46,1125,644,88,5,889,1031],"class_list":["post-1373","post","type-post","status-publish","format-standard","hentry","category-allgemein","tag-arbeitslosigkeit","tag-armut","tag-grundgesetz","tag-haushaltspolitik-flugelkampfe","tag-investitionsstau","tag-rezession","tag-sanierungskonzept","tag-soziale-sicherheit","tag-staatsuberschuldung"],"_links":{"self":[{"href":"http:\/\/www.agenda-news.de\/index.php?rest_route=\/wp\/v2\/posts\/1373","targetHints":{"allow":["GET"]}}],"collection":[{"href":"http:\/\/www.agenda-news.de\/index.php?rest_route=\/wp\/v2\/posts"}],"about":[{"href":"http:\/\/www.agenda-news.de\/index.php?rest_route=\/wp\/v2\/types\/post"}],"author":[{"embeddable":true,"href":"http:\/\/www.agenda-news.de\/index.php?rest_route=\/wp\/v2\/users\/2"}],"replies":[{"embeddable":true,"href":"http:\/\/www.agenda-news.de\/index.php?rest_route=%2Fwp%2Fv2%2Fcomments&post=1373"}],"version-history":[{"count":4,"href":"http:\/\/www.agenda-news.de\/index.php?rest_route=\/wp\/v2\/posts\/1373\/revisions"}],"predecessor-version":[{"id":1437,"href":"http:\/\/www.agenda-news.de\/index.php?rest_route=\/wp\/v2\/posts\/1373\/revisions\/1437"}],"wp:attachment":[{"href":"http:\/\/www.agenda-news.de\/index.php?rest_route=%2Fwp%2Fv2%2Fmedia&parent=1373"}],"wp:term":[{"taxonomy":"category","embeddable":true,"href":"http:\/\/www.agenda-news.de\/index.php?rest_route=%2Fwp%2Fv2%2Fcategories&post=1373"},{"taxonomy":"post_tag","embeddable":true,"href":"http:\/\/www.agenda-news.de\/index.php?rest_route=%2Fwp%2Fv2%2Ftags&post=1373"}],"curies":[{"name":"wp","href":"https:\/\/api.w.org\/{rel}","templated":true}]}}