{"id":1424,"date":"2015-03-04T00:14:53","date_gmt":"2015-03-03T23:14:53","guid":{"rendered":"http:\/\/www.agenda-news.de\/?p=1424"},"modified":"2015-03-17T06:25:59","modified_gmt":"2015-03-17T05:25:59","slug":"agenda-news-bundeswehr-reform","status":"publish","type":"post","link":"http:\/\/www.agenda-news.de\/?p=1424","title":{"rendered":"Agenda News:  Bundeswehr-Reform"},"content":{"rendered":"<p><a href=\"http:\/\/www.agenda-news.de\/wp-content\/uploads\/2015\/02\/herr_neumann_2.jpg\"><img loading=\"lazy\" decoding=\"async\" src=\"http:\/\/www.agenda-news.de\/wp-content\/uploads\/2015\/02\/herr_neumann_2.jpg\" alt=\"Bild: Agenda2011-2\u00df12\" width=\"188\" height=\"101\" class=\"alignleft size-full wp-image-1364\" \/><\/a>Lehrte, 4.3.2015 Nach dem Zweiten Weltkrieg gab es zun\u00e4chst Widerst\u00e4nde gegen die Gr\u00fcndung einer neuen deutschen Armee \u2013 sowohl von Seiten der Besatzungsm\u00e4chte als auch von Teilen der Bev\u00f6lkerung. In den folgenden Jahren nahmen aber die Stimmen zu, die eine Bewaffnung des 1949 neu gegr\u00fcndeten Staates Bundesrepublik Deutschland forderten. Die Geburtsstunde der Bundeswehr selbst schlug schlie\u00dflich am 12. November 1955, als den ersten Soldaten ihre Ernennungsurkunden in der Ermekeilkaserne \u00fcberreicht wurden (Wikipedia).<!--more--><\/p>\n<p>In der Folgezeit gab es den B\u00fcrger in Uniform und einen weitgehend reibungslosen Wehrersatzdienst. Die allgemeine Wehrpflicht wurde nach hitzigen Diskussionen aus nicht nachvollziehbaren Gr\u00fcnden ausgesetzt und der Wehrersatzdienst  abgeschafft.  Das war die Stunde von Karl Teodor zu Guttenberg: Nach einer Blitz-Karriere als Minister f\u00fcr Wirtschaft und Technologie (12.2. bis 27.10.2009) \u00fcbernahm er kurzfristig die  Aufgabe des Verteidigungsministers (bis M\u00e4rz 2011). Seiner \u00dcberzeugung nach sollten mit einer Bundeswehrreform 8,5 Milliarden Euro gespart und  Synergieeffekte genutzt werden, das Gegenteil ist der Fall. Er scheiterte  an  der Plagiatsaff\u00e4re um seine Dissertation.<\/p>\n<p>Der angestrebten Bundeswehr Reform gingen Diskussionen voraus, die durch Wehrbeauftragte angesto\u00dfen wurden, deren Berichte Vers\u00e4umnisse der Bundeswehr aufzeigten. Die Gr\u00fcnde sind vielschichtig. Die F\u00fchrung der Bundeswehr wird durch die F\u00fchrungselite ehemaliger hoch dekorierter Afghanistan Offiziere wahrgenommen. Die Waffensysteme der Bundeswehr entsprechen ihren Anforderungen: Truppentransporter, Radarflugzeuge, Tankflugzeuge und Patriot-Abwehrraketen.<\/p>\n<p>Diese Programme waren dem Umfang nach zu gro\u00df und in der Qualit\u00e4t umstritten. Im Afghanistan-Krieg waren Eurofighter nicht einsetzbar, deutsche Soldaten mussten durch amerikanische Kampfjets unterst\u00fctzt werden. Den Truppen in Deutschland kam diese einseitige  Aufmerksamkeit nicht zu gute. Es wurden Unterk\u00fcnfte und Kasernen, Fuhrpark und Waffensysteme vernachl\u00e4ssigt, sie sind in einem schlechten Zustand nicht einsetzbar und untauglich. Seit 20 Jahren bem\u00fchen sich Soldaten, die im Ausland gek\u00e4mpft haben und traumatisiert zur\u00fcckkamen, um Anerkennung Ihrer Krankheit und angemessene Entsch\u00e4digungen. <\/p>\n<p>Ursula von der Leyen versucht die Missst\u00e4nde, die durch Soldaten und Wehrbeauftragte immer wieder beklagt werden, abzuschaffen oder wenigstens einzud\u00e4mmen. Wolfgang Sch\u00e4uble wird wohl oder \u00fcbel den Bundeswehretat kr\u00e4ftig  erh\u00f6hen m\u00fcssen, nicht zuletzt, um den Soldaten und ihren Familien mehr soziale Gerechtigkeit widerfahren zu lassen. Die Bundeswehr steht vor neuen Aufgaben. Die kriegerischen Auseinandersetzungen in der Ukraine und Syrien, die Spannungsfelder im Nahen und Mittleren Osten und in Afrikanischen L\u00e4ndern tragen den Atem des Krieges nach Europa.<\/p>\n<p>Die \u201eUnion f\u00fcr Soziale Sicherheit\u201c fordert die Wiedereinf\u00fchrung der  allgemeinen Wehrpflicht und Kinder von Migranten mit einem deutschen Pass einzubeziehen, sie sind gleichberechtigte Mitglieder dieser Gesellschaft. Die Wiedereinf\u00fchrung des Ersatzdienstes: Junge Menschen sollten gute Berufschancen nutzen. Dazu geh\u00f6rt eine entsprechende Besoldung, um den Anspr\u00fcchen in diesem Berufssegment zuk\u00fcnftig gerecht zu werden. Wie in der Schweiz und anderen EU-Staaten sollten deutsche Soldaten auch zum Projektschutz, bei Demonstrationen und zur Terrorbek\u00e4mpfung eingesetzt werden.<\/p>\n<p>Die UfSS stimmt f\u00fcr ein starkes sicheres Europa und schl\u00e4gt eine Europaarmee mit einer deutschen Beteiligung von 10 &#8211; 20.000 Elitesoldaten vor.<\/p>\n<p>Dieter Neumann<br \/>\nAgenda 2011-2012<br \/>\nAgenda News<br \/>\nUnion f\u00fcr Soziale Sicherheit<br \/>\nDieter Neumann<br \/>\nWintershall Allee 7<br \/>\n31275 Lehrte<br \/>\nTelefon\/Fax 05132-52919<br \/>\nwww.agenda2011-2012.de<br \/>\ninfo@agenda2011-2012.de<\/p>\n<p>Die Initiative Agenda 2011-2012 stellte der \u00d6ffentlichkeit im Mai 2010 ein Sanierungskonzept mit einem j\u00e4hrlichen Finanzrahmen von 275 Milliarden Euro vor, das f\u00fcr ausgeglichene Haushalte und R\u00fcckf\u00fchrung der Staatsschulden steht. Sie stimmt f\u00fcr ein sozial sicheres Europa, f\u00fcr mehr Handlungsf\u00e4higkeit, f\u00fcr eine starke Milit\u00e4rallianz, Verbesserung der prek\u00e4ren Wirtschaftslage und Abbau der Staatsschulden. Das Managementsystem von Agenda 2011-2012 wird durch die in Gr\u00fcndung befindliche  Partei \u201eUnion f\u00fcr Soziale Sicherheit\u201c \u00fcbernommen.<\/p>\n","protected":false},"excerpt":{"rendered":"<p>Lehrte, 4.3.2015 Nach dem Zweiten Weltkrieg gab es zun\u00e4chst Widerst\u00e4nde gegen die Gr\u00fcndung einer neuen deutschen Armee \u2013 sowohl von Seiten der Besatzungsm\u00e4chte als auch von Teilen der Bev\u00f6lkerung. In den folgenden Jahren nahmen aber die Stimmen zu, die eine &hellip; <a href=\"http:\/\/www.agenda-news.de\/?p=1424\">Weiterlesen <span class=\"meta-nav\">&rarr;<\/span><\/a><\/p>\n","protected":false},"author":2,"featured_media":0,"comment_status":"closed","ping_status":"open","sticky":false,"template":"","format":"standard","meta":{"footnotes":""},"categories":[1],"tags":[1151,568,1150,1144,1146,1147,1149,1145,1148,1152],"class_list":["post-1424","post","type-post","status-publish","format-standard","hentry","category-allgemein","tag-besoldung","tag-bundeswehr","tag-europaarmee","tag-reform","tag-soldaten","tag-traumatisiert","tag-verteidigungsminister","tag-waffensysteme","tag-wehrbeauftragte","tag-wehrersatzdienst"],"_links":{"self":[{"href":"http:\/\/www.agenda-news.de\/index.php?rest_route=\/wp\/v2\/posts\/1424","targetHints":{"allow":["GET"]}}],"collection":[{"href":"http:\/\/www.agenda-news.de\/index.php?rest_route=\/wp\/v2\/posts"}],"about":[{"href":"http:\/\/www.agenda-news.de\/index.php?rest_route=\/wp\/v2\/types\/post"}],"author":[{"embeddable":true,"href":"http:\/\/www.agenda-news.de\/index.php?rest_route=\/wp\/v2\/users\/2"}],"replies":[{"embeddable":true,"href":"http:\/\/www.agenda-news.de\/index.php?rest_route=%2Fwp%2Fv2%2Fcomments&post=1424"}],"version-history":[{"count":7,"href":"http:\/\/www.agenda-news.de\/index.php?rest_route=\/wp\/v2\/posts\/1424\/revisions"}],"predecessor-version":[{"id":1486,"href":"http:\/\/www.agenda-news.de\/index.php?rest_route=\/wp\/v2\/posts\/1424\/revisions\/1486"}],"wp:attachment":[{"href":"http:\/\/www.agenda-news.de\/index.php?rest_route=%2Fwp%2Fv2%2Fmedia&parent=1424"}],"wp:term":[{"taxonomy":"category","embeddable":true,"href":"http:\/\/www.agenda-news.de\/index.php?rest_route=%2Fwp%2Fv2%2Fcategories&post=1424"},{"taxonomy":"post_tag","embeddable":true,"href":"http:\/\/www.agenda-news.de\/index.php?rest_route=%2Fwp%2Fv2%2Ftags&post=1424"}],"curies":[{"name":"wp","href":"https:\/\/api.w.org\/{rel}","templated":true}]}}