{"id":1519,"date":"2015-04-13T06:39:41","date_gmt":"2015-04-13T04:39:41","guid":{"rendered":"http:\/\/www.agenda-news.de\/?p=1519"},"modified":"2015-06-15T07:52:37","modified_gmt":"2015-06-15T05:52:37","slug":"union-fur-soziale-sicherheit-in-eigener-sache","status":"publish","type":"post","link":"http:\/\/www.agenda-news.de\/?p=1519","title":{"rendered":"Union f\u00fcr Soziale Sicherheit \u2013 In eigener Sache"},"content":{"rendered":"<p><a href=\"http:\/\/www.agenda-news.de\/wp-content\/uploads\/2015\/04\/02_LogoGruppe.jpg\"><img loading=\"lazy\" decoding=\"async\" src=\"http:\/\/www.agenda-news.de\/wp-content\/uploads\/2015\/04\/02_LogoGruppe.jpg\" alt=\"Bild: Agenda 2011-2012\" width=\"188\" height=\"231\" class=\"alignleft size-full wp-image-1520\" \/><\/a>Lehrte, 13.04.2015   2009 fiel bei Dieter Neumann, Autor und Mitglied im Verband Deutscher  Pressejournalisten, die Entscheidung eine Partei zu gr\u00fcnden, die es in dieser Form in Europa nicht gibt. Der Mittelpunkt ist  &#8211; im Sinne des Grundgesetzes &#8211; soziale Sicherheit der Menschen und ein gerechter Umgang mit ihnen. Ein wesentliches Anliegen ist eine angemessene Beteiligung der Finanzelite an den Kosten des Staates.<!--more--><\/p>\n<p>Die Initiative Agenda 2011-2012 stellte der \u00d6ffentlichkeit am 20. Mai 2010 ein Sanierungskonzept mit einem Finanzrahmen von 275 Milliarden Euro vor, das f\u00fcr ausgeglichene Haushalte und R\u00fcckf\u00fchrung der Staatsschulden steht.<\/p>\n<p>Um \u00f6ffentliches Interesse zu wecken wurden  \u00fcber Agenda News und 50 Presseportale alle 4 Tage Presseberichte und Kommentare ver\u00f6ffentlicht, die Antworten auf die brennenden Probleme unserer Zeit zum Inhalt haben. \u00dcber 5 Millionen Seiten wurden statistisch von Usern aufgerufen, gelesen und runtergeladen.<\/p>\n<p>\u00dcber 1.000 Personen des \u00f6ffentlichen Lebens wurden schriftlich \u00fcber das  Programm von Agenda 2011-2012 informiert &#8211; unter ihnen auch die Botschafter der EU-Staaten und der USA. Welche Partei kann von sich sagen, dass sie ein umfassendes Finanzierungskonzept hat, das Jedermann zug\u00e4ngig ist? Die Staats-und Regierungschefs der westlichen Welt haben keine Antworten auf die Wirtschafts-, Finanz-, Banken-, Schulden- und Vertrauenskrisen. H\u00e4tten sie diese, w\u00e4ren die Krisen \u00fcberwunden.<\/p>\n<p>17.467.753 Besch\u00e4ftigte verdienen 2008 weniger als 8,50 Euro: 1,1 Millionen unter 5 Euro, 2,1 Mio. unter 6 Euro, 3,4 Mio. unter 7 Euro, 5 Mio. unter 8 Euro und 5,8 unter 8,50 Euro (Statista). Deutschland ist das Niedriglohnland Nummer 1 in Europa. 2013 versprach Angela Merkel den Besch\u00e4ftigten Lohnerh\u00f6hungen von deutlich \u00fcber 3 Prozent. Was ist daraus geworden? Die Lohnerh\u00f6hungen lagen 2014 bei 2,7 Prozent, die Erh\u00f6hung, gemessen an der realen Kaufkraft, lediglich bei 1,7 Prozent. Sie wurde durch die \u201eKalte Progression\u201c weiter reduziert.<\/p>\n<p>4 Millionen Rentner erhalten eine Bruttorente unter 500 Euro und 5,45 Millionen Rentner Brutto unter 700 Euro. 2 Millionen arme Kinder und Alleinerziehende die alleingelassen sind. F\u00fcr eine Staats\u00fcberschuldung 2013 von rund 500 Milliarden Euro und  ein Sanierungsstau von 320 Milliarden Euro haften Besch\u00e4ftigte.<\/p>\n<p>Das sind die Gr\u00fcnde aber auch  Chancen f\u00fcr die \u201eUnion f\u00fcr Soziale Sicherheit\u201c in Deutschland politisch etwas zu \u00e4ndern. Die  FDP und Piraten sind an Fl\u00fcgelk\u00e4mpfen gescheitert. Innerhalb der AfD und der Koalition sind entsprechende Anzeichen vorhanden. Sie streiten um Rechts, Links und die Mitte und haben sich immer mehr von den Menschen entfernt.<\/p>\n<p>In der EU erhalten Besch\u00e4ftigte von ihren Unternehmen Sozialbeitr\u00e4ge bis zu 51 Prozent &#8211; in Deutschland 28 Prozent.  Dort liegt der Mindestlohn in der Spitze bei 11 Euro (seit 1950 und sp\u00e4ter). In Deutschland zeigt er sich als Mogelpackung. Das ist f\u00fcr die gr\u00f6\u00dfte Volkswirtschaft in Europa, und einem der reichsten Staaten der Welt, ein Armutszeichen.<\/p>\n<p>Dieter Neumann<\/p>\n<p>Union f\u00fcr Soziale Sicherheit<br \/>\nAgenda 2011-2012<br \/>\nAgenda News<br \/>\nDieter Neumann<br \/>\nInfo@ufss.de<br \/>\nhttp:\/\/www.ufss.de<\/p>\n<p>Die Initiative Agenda 2011-2012 stellte der \u00d6ffentlichkeit im Mai 2010 ein Sanierungskonzept mit einem Finanzrahmen von 275 Milliarden Euro vor, das f\u00fcr ausgeglichene Haushalte und R\u00fcckf\u00fchrung der der Staatsschulden steht. Nach erfolgreichem Start, einer Testphase von 5 Jahren und \u00fcber 5 Millionen Seitenaufrufen  wird das Programm und das Managementsystem von der Union f\u00fcr Soziale Sicherheit \u00fcbernommen.   <\/p>\n","protected":false},"excerpt":{"rendered":"<p>Lehrte, 13.04.2015 2009 fiel bei Dieter Neumann, Autor und Mitglied im Verband Deutscher Pressejournalisten, die Entscheidung eine Partei zu gr\u00fcnden, die es in dieser Form in Europa nicht gibt. Der Mittelpunkt ist &#8211; im Sinne des Grundgesetzes &#8211; soziale Sicherheit &hellip; <a href=\"http:\/\/www.agenda-news.de\/?p=1519\">Weiterlesen <span class=\"meta-nav\">&rarr;<\/span><\/a><\/p>\n","protected":false},"author":2,"featured_media":0,"comment_status":"closed","ping_status":"open","sticky":false,"template":"","format":"standard","meta":{"footnotes":""},"categories":[1],"tags":[154,1184,1021,1183,348,1138,212,5,1031,25],"class_list":["post-1519","post","type-post","status-publish","format-standard","hentry","category-allgemein","tag-beschaftigte","tag-bruttolohn","tag-bruttorente","tag-burger","tag-finanzelite","tag-lohnerhohung","tag-mindestlohn","tag-sanierungskonzept","tag-staatsuberschuldung","tag-unternehmen"],"_links":{"self":[{"href":"http:\/\/www.agenda-news.de\/index.php?rest_route=\/wp\/v2\/posts\/1519","targetHints":{"allow":["GET"]}}],"collection":[{"href":"http:\/\/www.agenda-news.de\/index.php?rest_route=\/wp\/v2\/posts"}],"about":[{"href":"http:\/\/www.agenda-news.de\/index.php?rest_route=\/wp\/v2\/types\/post"}],"author":[{"embeddable":true,"href":"http:\/\/www.agenda-news.de\/index.php?rest_route=\/wp\/v2\/users\/2"}],"replies":[{"embeddable":true,"href":"http:\/\/www.agenda-news.de\/index.php?rest_route=%2Fwp%2Fv2%2Fcomments&post=1519"}],"version-history":[{"count":4,"href":"http:\/\/www.agenda-news.de\/index.php?rest_route=\/wp\/v2\/posts\/1519\/revisions"}],"predecessor-version":[{"id":1582,"href":"http:\/\/www.agenda-news.de\/index.php?rest_route=\/wp\/v2\/posts\/1519\/revisions\/1582"}],"wp:attachment":[{"href":"http:\/\/www.agenda-news.de\/index.php?rest_route=%2Fwp%2Fv2%2Fmedia&parent=1519"}],"wp:term":[{"taxonomy":"category","embeddable":true,"href":"http:\/\/www.agenda-news.de\/index.php?rest_route=%2Fwp%2Fv2%2Fcategories&post=1519"},{"taxonomy":"post_tag","embeddable":true,"href":"http:\/\/www.agenda-news.de\/index.php?rest_route=%2Fwp%2Fv2%2Ftags&post=1519"}],"curies":[{"name":"wp","href":"https:\/\/api.w.org\/{rel}","templated":true}]}}