{"id":1540,"date":"2015-05-04T00:52:12","date_gmt":"2015-05-03T22:52:12","guid":{"rendered":"http:\/\/www.agenda-news.de\/?p=1540"},"modified":"2015-06-15T07:54:10","modified_gmt":"2015-06-15T05:54:10","slug":"agenda-news-tag-der-arbeit-ein-kritischer-ruckblick","status":"publish","type":"post","link":"http:\/\/www.agenda-news.de\/?p=1540","title":{"rendered":"Agenda News: Tag der Arbeit \u2013 Ein kritischer R\u00fcckblick"},"content":{"rendered":"<p><a href=\"http:\/\/www.agenda-news.de\/wp-content\/uploads\/2015\/05\/12.jpg\"><img loading=\"lazy\" decoding=\"async\" src=\"http:\/\/www.agenda-news.de\/wp-content\/uploads\/2015\/05\/12.jpg\" alt=\"Bild: Agenda 2011--2012\" width=\"236\" height=\"98\" class=\"alignleft size-full wp-image-1541\" \/><\/a>Lehrte, 04.05.2015 In den deutschen Gewerkschaften waren 1991 rund 11,8 Millionen Arbeitnehmer organisiert, 2014 liegt die Zahl noch bei circa 6,8 Millionen. Um Missverst\u00e4ndnissen vorzubeugen, die \u201eUnion f\u00fcr Soziale Sicherheit\u201c bekennt sich zu Gewerkschaften, Sozialverb\u00e4nden und Kirchen. Das berechtigt sie, sich kritisch mit ihnen auseinander zu setzen. Wenn Gewerkschaften in 23 Jahren 42,3 Prozent ihrer Mitglieder verlieren, hat das Gr\u00fcnde.<!--more--><\/p>\n<p>Gewerkschaften, Parlamentarier verschiedener Koalitionsregierungen und Arbeitgeber sind gemeinsam daf\u00fcr verantwortlich. 17,6 Millionen Besch\u00e4ftigte erhielten 2008 Stundenl\u00f6hne von unter 8,50 Euro. Von  Unternehmen erhalten sie zu ihrem Lohn auf 100 Euro 26 Euro an Sozialabgaben, die Krankenversicherung, Rentenversicherung, Urlaubs- und Weihnachtsgeld und Lohnfortzahlungen. In den 16 f\u00fchrenden Mitgliedsstaaten der EU liegt dieser Zuschuss zwischen 51 und 28 Euro, <\/p>\n<p>Deutschland liegt mit 26 Euro an 17. Stelle. Ein Franzose erh\u00e4lt auf 1000 Euro 510 Euro ein Deutscher 260 Euro oder 350 Euro weniger. Beim Mindestlohn liegt die Differenz zwischen 11,10  und 8,65 Euro an der sich deutsche Unternehmen und Politiker orientieren sollten. In den letzten 4 Jahren lagen die Realzuw\u00e4chse beim Lohn bei 1,7 Prozent. Bezieht man die \u201eKalte Progression\u201c mit ein, kann man von Lohnerh\u00f6hungen nicht mehr sprechen. <\/p>\n<p>Wann werden Besch\u00e4ftigte endlich vom Soli befreit, der sie j\u00e4hrlich rund 13 Mrd. Euro kostet? Aus ihrem Mehrwertsteuer-Anteil von 131 Milliarden Euro flie\u00dfen rund 13 Milliarden in den L\u00e4nderfinanzausgleich \u2013 genug ist genug.  Unternehmen zahlen keine Mehrwertsteuer, da sie ihren Anteil in H\u00f6he von 740 Mrd. Euro vom Staat erstattet bekommen.<\/p>\n<p>Dumpinglohn, Niedriglohn, Teilzeitarbeit, Minijobs und Werkvertr\u00e4ge dr\u00fccken weiter auf niedrige Einkommen. Bei der Freude um den Mindestlohn von 8,50 Euro, der in vielen F\u00e4llen torpediert wird, wird schnell vergessen, dass von den 17,4 Millionen Besch\u00e4ftigten nur 7 Millionen 8,50 Euro erhalten. 10,4 Millionen Besch\u00e4ftigte bleiben auf ihren 5, 6, 7, 8 und unter 8,50 Euro h\u00e4ngen. Alle werden von ihren Nettol\u00f6hnen nur noch, wie von der Bundesregierung beschlossen, einen Anteil von 40 Prozent an Rente erhalten.<\/p>\n<p>Sie k\u00f6nnen dann von den heutigen Renten, 4 Millionen Rentnern erhalten eine monatliche Bruttorente unter 500 Euro und 5,45 Millionen mit Brutto unter 700 Euro, nur noch tr\u00e4umen. Gewerkschaften werden immer mehr aus Unternehmen gedr\u00e4ngt die sich nicht an die Tarifautonomie der Gewerkschaften halten oder beteiligen, sondern auf Niedriglohn und Werkvertr\u00e4ge setzen. <\/p>\n<p>Die letzte Chance der Gewerkschaften ihre Glaubw\u00fcrdigkeit aufzupolieren besteht darin, dass sie, wie  die Gewerkschaft der Lockf\u00fchrer, ihre hochgesteckten Ziele umsetzten. Gewerkschaften haben zu lange auf das Motto gesetzt, dass uns \u201enur niedrige L\u00f6hne im Wettbewerb halten.\u201c Immer mehr Besch\u00e4ftigte werden austreten, wenn nicht ein st\u00e4rkeres Signal f\u00fcr h\u00f6here Lohnabschl\u00fcsse gesendet wird.<\/p>\n<p>Das deutsche Steuerrecht ist in den vergangenen Jahren ungerechter geworden. W\u00e4hrend  insbesondere Unternehmen und Verm\u00f6gende entlastet wurden, m\u00fcssen Erwerbst\u00e4tige immer mehr zur Finanzierung \u00f6ffentlicher Ausgaben beitragen, wobei sie schon f\u00fcr eine Steuerschuld des Bundes, wie alle Deutschen, mit 25.600 Euro pers\u00f6nlich haften.<\/p>\n<p>Ein neuer Skandal macht die Runde, 1,4 Millionen Regelsatz-Empf\u00e4nger nehmen zinsfreie Notkredite auf, um ihre aufgelaufenen Schulden finanzieren zu k\u00f6nnen. Sie k\u00f6nnen diese von ihren 399 Euro nur dann zur\u00fcckzahlen, wenn sie ein entsprechendes Einkommen haben. Sie sind  aber zu einer gesetzlichen, sofortigen ratenweisen R\u00fcckzahlung verpflichtet.<\/p>\n<p>Die Union f\u00fcr Soziale Sicherheit (UfSS) stimmt f\u00fcr einen gesetzlichen Mindestlohn von 9.50 Euro ab 2017, f\u00fcr eine Grundrente von 950 Euro, Eheleute je 650 Euro, f\u00fcr einen Regelsatz inklusiv Mietkosten von 950 Euro, eine Grundsicherung f\u00fcr Alleinerziehende von 950 Euro und eine Grundsicherung f\u00fcr Kinder von 500 Euro.<\/p>\n<p>Die UfSS ist die einzige Partei in Europa die  ein Finanzierungskonzept in den Mittelpunkt ihrer Arbeit stellt.  Bereits im Mai 2010 hat sie unter dem Namen \u201eAgenda 2011-2012\u201c der \u00d6ffentlichkeit ein Sanierungskonzept von 275 Mrd. Euro vorgestellt, das f\u00fcr ausgeglichene Haushalte und R\u00fcckf\u00fchrung der Staatsschulden steht. Gemeinsam geben sie Antworten auf die Zukunftsprobleme der Zivilgesellschaft.<\/p>\n<p>Dieter Neumann<\/p>\n<p>Agenda 2011-2012<br \/>\nUnion f\u00fcr Soziale Sicherheit<br \/>\nAgenda News<br \/>\nDieter Neumann<br \/>\nWintershall Allee 7<br \/>\n31275 Lehrte<br \/>\nInfo@agenda2011-2012.de<br \/>\nhttp:\/\/www.agenda201-2012.de<\/p>\n<p>Die Initiative Agenda 2011-2012 stellte der \u00d6ffentlichkeit im Mai 2010 ein Sanierungskonzept mit einem Finanzrahmen von 275 Milliarden Euro vor, das f\u00fcr ausgeglichene Haushalte und R\u00fcckf\u00fchrung der Staatsschulden steht. Nach erfolgreichem Start, einer Testphase von 5 Jahren und \u00fcber 5 Millionen Seitenaufrufen, wird das Programm und das Managementsystem von der Union f\u00fcr Soziale Sicherheit \u00fcbernommen. <\/p>\n","protected":false},"excerpt":{"rendered":"<p>Lehrte, 04.05.2015 In den deutschen Gewerkschaften waren 1991 rund 11,8 Millionen Arbeitnehmer organisiert, 2014 liegt die Zahl noch bei circa 6,8 Millionen. Um Missverst\u00e4ndnissen vorzubeugen, die \u201eUnion f\u00fcr Soziale Sicherheit\u201c bekennt sich zu Gewerkschaften, Sozialverb\u00e4nden und Kirchen. Das berechtigt sie, &hellip; <a href=\"http:\/\/www.agenda-news.de\/?p=1540\">Weiterlesen <span class=\"meta-nav\">&rarr;<\/span><\/a><\/p>\n","protected":false},"author":2,"featured_media":0,"comment_status":"closed","ping_status":"open","sticky":false,"template":"","format":"standard","meta":{"footnotes":""},"categories":[1],"tags":[898,214,430,1195,5,1197,4,1196,831,25],"class_list":["post-1540","post","type-post","status-publish","format-standard","hentry","category-allgemein","tag-arbeitnehmer","tag-armut","tag-gewerkschaften","tag-parlamentarier","tag-sanierungskonzept","tag-sozialabgaben","tag-staatsschulden","tag-stundenlohne","tag-tag-der-arbeit","tag-unternehmen"],"_links":{"self":[{"href":"http:\/\/www.agenda-news.de\/index.php?rest_route=\/wp\/v2\/posts\/1540","targetHints":{"allow":["GET"]}}],"collection":[{"href":"http:\/\/www.agenda-news.de\/index.php?rest_route=\/wp\/v2\/posts"}],"about":[{"href":"http:\/\/www.agenda-news.de\/index.php?rest_route=\/wp\/v2\/types\/post"}],"author":[{"embeddable":true,"href":"http:\/\/www.agenda-news.de\/index.php?rest_route=\/wp\/v2\/users\/2"}],"replies":[{"embeddable":true,"href":"http:\/\/www.agenda-news.de\/index.php?rest_route=%2Fwp%2Fv2%2Fcomments&post=1540"}],"version-history":[{"count":2,"href":"http:\/\/www.agenda-news.de\/index.php?rest_route=\/wp\/v2\/posts\/1540\/revisions"}],"predecessor-version":[{"id":1587,"href":"http:\/\/www.agenda-news.de\/index.php?rest_route=\/wp\/v2\/posts\/1540\/revisions\/1587"}],"wp:attachment":[{"href":"http:\/\/www.agenda-news.de\/index.php?rest_route=%2Fwp%2Fv2%2Fmedia&parent=1540"}],"wp:term":[{"taxonomy":"category","embeddable":true,"href":"http:\/\/www.agenda-news.de\/index.php?rest_route=%2Fwp%2Fv2%2Fcategories&post=1540"},{"taxonomy":"post_tag","embeddable":true,"href":"http:\/\/www.agenda-news.de\/index.php?rest_route=%2Fwp%2Fv2%2Ftags&post=1540"}],"curies":[{"name":"wp","href":"https:\/\/api.w.org\/{rel}","templated":true}]}}