{"id":1545,"date":"2015-05-08T00:38:22","date_gmt":"2015-05-07T22:38:22","guid":{"rendered":"http:\/\/www.agenda-news.de\/?p=1545"},"modified":"2015-06-15T07:54:24","modified_gmt":"2015-06-15T05:54:24","slug":"nsu-nsa-bnd-banken-rassismus-wird-deutschland-nur-noch-verwaltet","status":"publish","type":"post","link":"http:\/\/www.agenda-news.de\/?p=1545","title":{"rendered":"NSU, NSA, BND, Banken, Rassismus \u2013 Wird Deutschland nur noch verwaltet?"},"content":{"rendered":"<p><a href=\"http:\/\/www.agenda-news.de\/wp-content\/uploads\/2015\/05\/05_ufss-logo-1.jpg\"><img loading=\"lazy\" decoding=\"async\" src=\"http:\/\/www.agenda-news.de\/wp-content\/uploads\/2015\/05\/05_ufss-logo-1.jpg\" alt=\"Bild: Agenda 2011-2012.de\" width=\"188\" height=\"113\" class=\"alignleft size-full wp-image-1546\" \/><\/a>Lehrte, 08.05.2015  Vom Staatsschutz und Politikern kaum wahrgenommen und untersch\u00e4tzt, hat sich \u00fcber Jahre ein nationalsozialistischer Untergrund (NSU) aufgebaut. Der Staat stand den 10 Morden der NSU und deren Aufkl\u00e4rung macht- und tatenlos gegen\u00fcber. <!--more--><\/p>\n<p>Die NSA (Nationale Sicherheitsbeh\u00f6rde) ist der gr\u00f6\u00dfte Auslandsgeheimdienst der USA und dient der weltweiten \u00dcberwachung und Entschl\u00fcsselung elektronischer Kommunikation. Die Snowden-Ver\u00f6ffentlichungen enth\u00fcllen ein weltweites Netz von Spionagesystemen. 122 Regierungschefs aus aller Welt, unter ihnen Angela Merkel, quasi alle L\u00e4nder und B\u00fcrger werden \u00fcberwacht, ausspioniert und Leitungen gehackt.<\/p>\n<p>Darunter fallen Botschaften, Weltbank und IWF, Telecomanbieter, Google, Yahoo, Opec, Anonymus-Bewegung, WikiLeaks, Muslime, Amnesty International und weitere Abermillionen. Die deutsche Spionageabwehr und Gegenspionage gleicht einem Spatz unter Greifv\u00f6geln. Die Quintessenz: Wieder ein Untersuchungsausschuss mehr. Die USA behandeln ihre weltweiten Partner wie Greenhorns. Mit dem Freihandelsabkommen wollen sie Europ\u00e4er zu Deppen machen.<\/p>\n<p>Das Kr\u00e4fteverh\u00e4ltnis ist so wie zwischen Unternehmen (Lobbys) und der Politik. Die einen stehen f\u00fcr einen Umsatz von rund 5,8 Billionen Euro, die Anderen verwalten 2,1 Billionen Euro Schulden. Oder, die Finanzelite beteiligt sich nicht angemessen an den Kosten des Staates, wogegen Besch\u00e4ftigte immer mehr zur Finanzierung \u00f6ffentlicher Aufgaben beitragen m\u00fcssen.<\/p>\n<p>17,5 Millionen Besch\u00e4ftigte erhielten 2008 Bruttol\u00f6hne unter 8,50 Euro. Daran gemessen sind 3,3 Millionen Berufst\u00e4tige, die seit 2015 einen Mindestlohn von 8,50 Euro erhalten, die absolute Minderheit. Sie haben Gl\u00fcck gewerkschaftlich organisierte zu sein, die anderen nicht, f\u00fcr sie ist niemand zust\u00e4ndig. 4 Millionen Rentner erhalten eine Bruttorente von unter 500 Euro und 5,45 Millionen Brutto unter 700 Euro. 2 Millionen arme Kinder &#8211; oder an der Armutsgrenze lebende &#8211; und Alleinerziehende sind die Verlierer der Gesellschaft.<\/p>\n<p>Banken geh\u00f6ren zu den gro\u00dfen Vorteilsnehmern. Der Deutsche Bank Skandal um Fitschen und weiteren 7 Managern wirft einen Schatten auf ihre Praktiken. Mit hunderten Milliarden Euro gest\u00fctzt stehen ihnen gro\u00dfe Prozesse bevor, nach Milliarden Strafen die sie bereits gezahlt haben. Eine Scheibe davon erhalten Unternehmen durch ihre Steuerflucht in Steueroasen. Wie sie waren daran tausende Privatpersonen beteiligt. <\/p>\n<p>Befindet sich der Staat in der Dritten RAF Generation? Wenn in Deutschland \u00fcber Rechtsradikalismus geurteilt wird, geht man auf die Menschen die damit verbunden sind fl\u00fcchtig ein. Man spricht von Alkoholikern, keine oder schlechte Bildung, Asozialen, Verbitterten, Wut, Hass, Entt\u00e4uschung,  Unverstandenen und Verlassenen. Armut spielt dabei eine nicht zu untersch\u00e4tzende Rolle. Was geschieht, wenn Radikale  soziale Probleme zum Mittelpunkt ihres Hasses machen?<\/p>\n<p>Die Angs ist gro\u00df, dass Asylanten immer mehr von dem wenigen aufzehren, was sozial Schwachen zur Verf\u00fcgung steht, sei es auch nur der Regelsatz oder das Sozialgeld. Viele sehen sich berufen der Freiheit mit Radikalisierung ein Denkmal zu setzen. Radikalisierung die alles noch schlimmer macht.  Die Politik bietet f\u00fcr kleine Probleme Minimall\u00f6sungen, auf die gro\u00dfen Probleme (Schuldenkrise, Staats\u00fcberschuldung 300 Mrd. Euro, Sanierungsstau 320 Mrd. Euro usw.) hat sie keine. <\/p>\n<p>Die Initiative \u201eAgenda 2011-2012\u201c und die \u201eUnion f\u00fcr Soziale Sicherheit\u201c bieten L\u00f6sungen an: Bereits im Mai 2010 wurde der \u00d6ffentlichkeit ein Sanierungskonzept mit einem Finanzrahmen von 275 Mrd. Euro vorgestellt, das f\u00fcr ausgeglichene Haushalte und R\u00fcckf\u00fchrung der Staatsschulden steht. Gemeinsam geben sie Antworten auf die Probleme der Zivilgesellschaft.<\/p>\n<p>Dieter Neumann<br \/>\nAgenda 2011-201<br \/>\nUnion f\u00fcr Soziale Sicherheit<br \/>\nAgenda News<br \/>\nDieter Neumann<br \/>\nWintershall Allee 7<br \/>\n31275 Lehrte<br \/>\nInfo@agenda2011-2012.de\t\t\t                                                     http:\/\/www.agenda201-2012.de\t<\/p>\n<p>Die Initiative Agenda 2011-2012 stellte der \u00d6ffentlichkeit im Mai 2010 ein Sanierungskonzept mit einem Finanzrahmen von 275 Milliarden Euro vor, das f\u00fcr ausgeglichene Haushalte und R\u00fcckf\u00fchrung der Staatsschulden steht. Nach erfolgreichem Start, einer Testphase von 5 Jahren und \u00fcber 5 Millionen Seitenaufrufen, wird das Programm und das Managementsystem von der Union f\u00fcr Soziale Sicherheit \u00fcbernommen. <\/p>\n","protected":false},"excerpt":{"rendered":"<p>Lehrte, 08.05.2015 Vom Staatsschutz und Politikern kaum wahrgenommen und untersch\u00e4tzt, hat sich \u00fcber Jahre ein nationalsozialistischer Untergrund (NSU) aufgebaut. Der Staat stand den 10 Morden der NSU und deren Aufkl\u00e4rung macht- und tatenlos gegen\u00fcber.<\/p>\n","protected":false},"author":2,"featured_media":0,"comment_status":"closed","ping_status":"open","sticky":false,"template":"","format":"standard","meta":{"footnotes":""},"categories":[1],"tags":[16,1200,1202,644,1199,1198,5,1203,1201,1031],"class_list":["post-1545","post","type-post","status-publish","format-standard","hentry","category-allgemein","tag-banken","tag-bnd","tag-elektronische-kommunikation","tag-investitionsstau","tag-nsa","tag-nsu","tag-sanierungskonzept","tag-spionagesystem","tag-staatsschutz","tag-staatsuberschuldung"],"_links":{"self":[{"href":"http:\/\/www.agenda-news.de\/index.php?rest_route=\/wp\/v2\/posts\/1545","targetHints":{"allow":["GET"]}}],"collection":[{"href":"http:\/\/www.agenda-news.de\/index.php?rest_route=\/wp\/v2\/posts"}],"about":[{"href":"http:\/\/www.agenda-news.de\/index.php?rest_route=\/wp\/v2\/types\/post"}],"author":[{"embeddable":true,"href":"http:\/\/www.agenda-news.de\/index.php?rest_route=\/wp\/v2\/users\/2"}],"replies":[{"embeddable":true,"href":"http:\/\/www.agenda-news.de\/index.php?rest_route=%2Fwp%2Fv2%2Fcomments&post=1545"}],"version-history":[{"count":2,"href":"http:\/\/www.agenda-news.de\/index.php?rest_route=\/wp\/v2\/posts\/1545\/revisions"}],"predecessor-version":[{"id":1588,"href":"http:\/\/www.agenda-news.de\/index.php?rest_route=\/wp\/v2\/posts\/1545\/revisions\/1588"}],"wp:attachment":[{"href":"http:\/\/www.agenda-news.de\/index.php?rest_route=%2Fwp%2Fv2%2Fmedia&parent=1545"}],"wp:term":[{"taxonomy":"category","embeddable":true,"href":"http:\/\/www.agenda-news.de\/index.php?rest_route=%2Fwp%2Fv2%2Fcategories&post=1545"},{"taxonomy":"post_tag","embeddable":true,"href":"http:\/\/www.agenda-news.de\/index.php?rest_route=%2Fwp%2Fv2%2Ftags&post=1545"}],"curies":[{"name":"wp","href":"https:\/\/api.w.org\/{rel}","templated":true}]}}