{"id":1554,"date":"2015-05-21T00:24:51","date_gmt":"2015-05-20T22:24:51","guid":{"rendered":"http:\/\/www.agenda-news.de\/?p=1554"},"modified":"2015-06-15T07:55:08","modified_gmt":"2015-06-15T05:55:08","slug":"union-fur-soziale-sicherheit-30-millionen-arme-deutsche-es-reicht","status":"publish","type":"post","link":"http:\/\/www.agenda-news.de\/?p=1554","title":{"rendered":"Union f\u00fcr soziale Sicherheit: 30 Millionen Arme in der gr\u00f6\u00dften Volkswirtschaft der EU"},"content":{"rendered":"<p><a href=\"http:\/\/www.agenda-news.de\/wp-content\/uploads\/2015\/04\/02_LogoGruppe.jpg\"><img loading=\"lazy\" decoding=\"async\" src=\"http:\/\/www.agenda-news.de\/wp-content\/uploads\/2015\/04\/02_LogoGruppe.jpg\" alt=\"Bild: Agenda 2011-2012\" width=\"188\" height=\"231\" class=\"alignleft size-full wp-image-1520\" \/><\/a>Lehrte, 21.05.2015 Jede Regierung ist bisher mit dem Versprechen angetreten f\u00fcr mehr soziale Sicherheit zu sorgen. In den letzten 45 Jahren waren die Staatsausgaben h\u00f6her als die \u2013einnahmen. Deutschland ist aktuell mit 300 Milliarden Euro \u00fcberschuldet und schiebt einen Investitionsstau von 320 Milliarden Euro vor sich her. Im Jahr 2008 arbeiteten mehr als 17.468.591 abh\u00e4ngige Besch\u00e4ftigte im Niedriglohnbereich f\u00fcr Stundenl\u00f6hne unter 8,50 Euro. Nicht zu vergessen sind 7 Millionen Arbeitslose und Regelsatz-Empf\u00e4nger.<!--more--><\/p>\n<p>Daraus resultieren Bruttorenten f\u00fcr 4 Millionen Rentner von monatlich unter 500 Euro und 5,45 Millionen unter Brutto 700 Euro. Die beschlossene Bemessungsgrenze f\u00e4llt ab 2030 von 60% bzw. 51% auf 43 Prozent des Nettoeinkommens. Die Bruttorenten liegen dann zwischen 327 Euro bis 452 Euro. Hinzu kommen 2,5 Millionen arme Kinder und 1,6 Mio. Alleinerziehende die nicht wissen wie sie \u00fcber die Runden kommen sollen. Sie sind finanziell nicht in der Lage ihre Rentenbez\u00fcge aufzustocken.<\/p>\n<p>7,5 Millionen Menschen k\u00f6nnen nicht richtig lesen und schreiben plus 1,5 Millionen Analphabeten. Bei Bildung, Ausbildung, Kitas und Gesundheitswesen gibt es gro\u00dfe Defizite. Das alles ist nicht \u201esozial gerecht\u201c sondern \u201esozial verwerflich.\u201c Einen gro\u00dfen Anteil daran haben 8 Millionen B\u00fcrger die 90 Prozent des Privatverm\u00f6gens besitzen, Million\u00e4re. Milliard\u00e4re und Gro\u00dfunternehmen die sich nicht angemessen an den Kosten des Staates beteiligen.<\/p>\n<p>Parlamentariern fehlen Mut, Wille, die Kraft und die Macht die Finanzelite angemessen an den Kosten des Staates  zu beteiligen. Das ist das wahre gro\u00dfe Problem der Zivilgesellschaft. 2009 traf Dieter Neumann, Lehrte, Autor und freier Journalist &#8211; Mitglied im Verband Deutscher Zeitungsjournalisten \u2013 die Entscheidung eine Partei zu gr\u00fcnden, die es in dieser Form kein zweites Mal in Deutschland gibt, um gegen \u201esoziale Ungerechtigkeit\u201c ins Feld zu ziehen. <\/p>\n<p>Unter \u201eAgenda 2011-2012\u201c wurde der \u00d6ffentlichkeit im Mai 2010 ein Sanierungsprogramm mit einem Finanzrahmen von 275 Mrd. Euro vorgestellt, das f\u00fcr ausgeglichene Haushalte und R\u00fcckf\u00fchrung der Staatsschulden steht. Es werden Reformvorschl\u00e4ge f\u00fcr die gro\u00dfen Probleme unserer Zeit angeboten und Minimalforderungen gestellt: Gesetzlicher Mindestlohn ab 2017 pro Stunde 9,50 Euro und eine Grundrente von 950 Euro (Eheleute je 650 Euro), eine Kinder Grundsicherung von 500  Euro und f\u00fcr  Alleinerziehende und Regelsatz-Empf\u00e4nger monatlich 950 Euro.<\/p>\n<p>Die Initiative Agenda 2011\u20132012 engagiert sich in erheblichem Umfang in der Gesellschaft. Sie setzt neue politische Akzente in Information, Aufkl\u00e4rung und Gestaltung des politischen Lebens. Mit ihrer Arbeit tr\u00e4gt sie in besonderem Ma\u00dfe zur Sanierung des Staatshaushaltes und der R\u00fcckf\u00fchrung der Staatsschulden bei. Im Mittelpunkt steht der Wunsch Menschen aus Armut zu helfen, f\u00fcr bessere  Bildung und  Ausbildung zu sorgen und eine St\u00e4rkung  des Mittelstandes.  Talente und Nachwuchs sollen st\u00e4rker gef\u00f6rdert werden, um aus der Arbeit nachhaltige Impulse f\u00fcr die Gesellschaft zu erzielen.<\/p>\n<p>Parallel dazu entstand die Onlinezeitung \u201eAgenda News\u201c, die internationale und nationale Nachrichten auswertet und darauf in die Zukunft weisende Antworten gibt. Bei mehr als 40 Presseportalen erscheinen im Internet alle 4 Tage aktuelle Presseberichte. Im Rahmen der \u00d6ffentlichkeitsarbeit wurden 1.000 Personen des \u00f6ffentlichen Lebens schriftlich \u00fcber die Inhalte von Agenda 2011-2012 informiert. Nach einer sehr erfolgreichen Testphase von 5 Jahren stellt sich die 2009 geplante \u201eUnion f\u00fcr Soziale Sicherheit\u201c zur Wahl. <\/p>\n<p>Die UfSS vertritt die Themen der Zukunft und bietet zur Umsetzung eine realistische Finanzierung an. Sie steht f\u00fcr soziale Kompetenz, stimmt f\u00fcr st\u00e4rkere soziale Bindungen, einen besseren sozialen Zusammenhalt in der Gesellschaft und eine Verbesserung des Gemeinwohls. Es geht nicht nur um eine Partei, sondern um eine neue Bewegung die sich f\u00fcr Grundrechte und B\u00fcrgerrechte einsetzt.<\/p>\n<p>Agenda 2011-2012 steht als kleine feine Community f\u00fcr die Inhalte, die Union f\u00fcr Soziale Sicherheit setzt diese politisch um,  \u00fcbernimmt das Managementsystem und nutzt dadurch Synergieeffekte. F\u00fcr die Realisierung dieser Ziele werden B\u00fcrgerinnen und B\u00fcrger gesucht, die UfSS Politik wagen, erleben und als Mitglieder, Gr\u00fcndungs- und F\u00f6rdermitglieder oder Spender gestalten m\u00f6chten &#8211;  herzlich willkommen.<\/p>\n<p>Union f\u00fcr Soziale Sicherheit<br \/>\nDieter Neumann<\/p>\n<p>Agenda News<br \/>\nAgenda2011-2012<br \/>\nUnion f\u00fcr Soziale Sicherheit<br \/>\nDieter Neumann<br \/>\nWintershall Allee 7<br \/>\n31275 Lehrte<br \/>\nInfo@agenda2011-2012.de<br \/>\nhttp:\/\/www.agenda2011-2012.de<\/p>\n<p>Die Initiative \u201eAgenda 2011-2012\u201c und die \u201eUnion f\u00fcr Soziale Sicherheit\u201c bieten L\u00f6sungen an: Bereits im Mai 2010 wurde der \u00d6ffentlichkeit ein Sanierungskonzept mit einem Finanzrahmen von 275 Mrd. Euro vorgestellt, das f\u00fcr ausgeglichene Haushalte und R\u00fcckf\u00fchrung der Staatsschulden steht. Gemeinsam geben sie Antworten auf die Probleme der Zivilgesellschaft.<\/p>\n<p>Bildung, Ausbildung, Mittelstand, Niedriglohn, Talente, Nachwuchsf\u00f6rderung, Armut, Managementsystem, Sanierungskonzept, Staatsschulden<\/p>\n<p>Es ist erstaunlich und befremdend, dass sich die Zivilgesellschaft der wachsenden Armut und Ungerechtigkeit nicht widersetzt. Die UfSS zeigt Weg zu einer Kehrtwende.<\/p>\n","protected":false},"excerpt":{"rendered":"<p>Lehrte, 21.05.2015 Jede Regierung ist bisher mit dem Versprechen angetreten f\u00fcr mehr soziale Sicherheit zu sorgen. In den letzten 45 Jahren waren die Staatsausgaben h\u00f6her als die \u2013einnahmen. Deutschland ist aktuell mit 300 Milliarden Euro \u00fcberschuldet und schiebt einen Investitionsstau &hellip; <a href=\"http:\/\/www.agenda-news.de\/?p=1554\">Weiterlesen <span class=\"meta-nav\">&rarr;<\/span><\/a><\/p>\n","protected":false},"author":2,"featured_media":0,"comment_status":"closed","ping_status":"open","sticky":false,"template":"","format":"standard","meta":{"footnotes":""},"categories":[1],"tags":[214,494,10,1141,116,1212,486,5,4,1211],"class_list":["post-1554","post","type-post","status-publish","format-standard","hentry","category-allgemein","tag-armut","tag-ausbildung","tag-bildung","tag-managementsystem","tag-mittelstand","tag-nachwuchsforderung","tag-niedriglohn","tag-sanierungskonzept","tag-staatsschulden","tag-talente"],"_links":{"self":[{"href":"http:\/\/www.agenda-news.de\/index.php?rest_route=\/wp\/v2\/posts\/1554","targetHints":{"allow":["GET"]}}],"collection":[{"href":"http:\/\/www.agenda-news.de\/index.php?rest_route=\/wp\/v2\/posts"}],"about":[{"href":"http:\/\/www.agenda-news.de\/index.php?rest_route=\/wp\/v2\/types\/post"}],"author":[{"embeddable":true,"href":"http:\/\/www.agenda-news.de\/index.php?rest_route=\/wp\/v2\/users\/2"}],"replies":[{"embeddable":true,"href":"http:\/\/www.agenda-news.de\/index.php?rest_route=%2Fwp%2Fv2%2Fcomments&post=1554"}],"version-history":[{"count":3,"href":"http:\/\/www.agenda-news.de\/index.php?rest_route=\/wp\/v2\/posts\/1554\/revisions"}],"predecessor-version":[{"id":1591,"href":"http:\/\/www.agenda-news.de\/index.php?rest_route=\/wp\/v2\/posts\/1554\/revisions\/1591"}],"wp:attachment":[{"href":"http:\/\/www.agenda-news.de\/index.php?rest_route=%2Fwp%2Fv2%2Fmedia&parent=1554"}],"wp:term":[{"taxonomy":"category","embeddable":true,"href":"http:\/\/www.agenda-news.de\/index.php?rest_route=%2Fwp%2Fv2%2Fcategories&post=1554"},{"taxonomy":"post_tag","embeddable":true,"href":"http:\/\/www.agenda-news.de\/index.php?rest_route=%2Fwp%2Fv2%2Ftags&post=1554"}],"curies":[{"name":"wp","href":"https:\/\/api.w.org\/{rel}","templated":true}]}}