{"id":1646,"date":"2015-07-14T00:27:32","date_gmt":"2015-07-13T22:27:32","guid":{"rendered":"http:\/\/www.agenda-news.de\/?p=1646"},"modified":"2015-07-14T00:27:32","modified_gmt":"2015-07-13T22:27:32","slug":"in-griechenland-werden-600-milliarden-euro-und-soziale-gerechtigkeit-zu-grabe-getragen","status":"publish","type":"post","link":"http:\/\/www.agenda-news.de\/?p=1646","title":{"rendered":"In Griechenland werden 600 Milliarden Euro und soziale Gerechtigkeit zu Grabe getragen"},"content":{"rendered":"<p><a href=\"http:\/\/www.agenda-news.de\/wp-content\/uploads\/2015\/07\/UFSS_Fotolia_01_mit-Text.jpg\"><img loading=\"lazy\" decoding=\"async\" src=\"http:\/\/www.agenda-news.de\/wp-content\/uploads\/2015\/07\/UFSS_Fotolia_01_mit-Text-300x200.jpg\" alt=\"Bild: Agenda 2011-2012\" width=\"300\" height=\"200\" class=\"alignleft size-medium wp-image-1647\" srcset=\"http:\/\/www.agenda-news.de\/wp-content\/uploads\/2015\/07\/UFSS_Fotolia_01_mit-Text-300x200.jpg 300w, http:\/\/www.agenda-news.de\/wp-content\/uploads\/2015\/07\/UFSS_Fotolia_01_mit-Text.jpg 424w\" sizes=\"auto, (max-width: 300px) 100vw, 300px\" \/><\/a>(Agenda 2011-2012) Nach einer Oxfam-Studie wird  2016 ein Prozent der Weltbev\u00f6lkerung \u00fcber mehr Verm\u00f6gen verf\u00fcgen als der ganze Rest. Das Verm\u00f6gen der 80 Reichsten hat sich von 2009 bis 2014 verdoppelt. Die Ungleichverteilung von Verm\u00f6gen ist ersch\u00fctternd. Der wachsenden, sozialen Ungleichheit kann nur mit Verhinderung von Steuervermeidung und Steuerflucht, Besteuerung von Kapital statt Arbeit, angemessenen gesetzlichen Mindestl\u00f6hnen und einer Verbesserung der \u00f6ffentlichen Leistungen begegnet werden.<\/p>\n<p>Ob Oxfam,  die reichsten Industrienationen, die \u00e4rmsten Staaten, Geber- und Nehmerl\u00e4nder, Staats-und Regierungschefs, Politiker, Sozialverb\u00e4nde, Kirchen, Gewerkschaften, \u00d6konomen und Wissenschaftler, alle wollen soziale Gerechtigkeit. Das wollte die  sozialistische PASOK Griechenlands in ihrer 35-j\u00e4hrigen Misswirtschaft auch. Die Partei ist von \u00fcber 80 Prozent W\u00e4hlerstimmen auf 12,28 Prozent abst\u00fcrzt.<\/p>\n<p>Die Menschen in Griechenland erwarten von Tsipras eine Rettung vor dem Staatsbankrott, dass das F\u00fcnkchen soziale Gerechtigkeit wieder zur Flamme wird und die Helenen in der EU bleiben. Griechenland hat 320 Mrd. Euro Schulden, erhielt einen Schuldenschnitt von 107 Mrd. Euro, die Banken 90 Mrd. Euro Liquidit\u00e4tskredite und weitere Zusagen von  84 Mrd. Euro. Rechnet man 20 Prozent hinzu die  den Reichen von ihren Konten enteignet wurden sind das mehr als 600 Mrd. Euro. Die Menschen haben 25% ihres Einkommens verloren und werden weitere einschneidende Ma\u00dfnahmen ertragen m\u00fcssen.<\/p>\n<p>Was unbekannt ist oder verschwiegen wird ist die haushaltspolitische Lage Griechenlands. Bei einem stetig schrumpfenden Bruttoinlandsprodukt von 180 Milliarden Euro betragen die Einnahmen zum Bundeshaushalt, gemessen an deutschen Kriterien, rund 18 Mrd. Euro. Nach Anzug von rund 10 Mrd. Euro Kapitalmarktzinsen verbleiben 8 Mrd. Euro in der Staatskasse. Bis Juni 2015 lagen die Staatseinnahmen 1,75 Mrd. Euro unter dem Vorjahr und d\u00fcrften Ende 2015  2,5 Mrd. Euro betragen. Damit kann kein Land soziale Gerechtigkeit walten lassen. <\/p>\n<p>Ein gro\u00dfes deutsches Magazin kommentiert die Lage online wie folgt: \u201eDie reiche Elite Griechenlands betreibt eine \u00e4u\u00dferst erfolgreiche Propaganda. Die Massen in Griechenland lassen sich von den Fernsehsendern der griechischen Oligarchen erfolgreich lenken, die Eliten Griechenlands sch\u00fctzen sich vor Steuer-Zahlungen: Die Oligarchen lenken davon erfolgreich ab, indem sie anderen die Schuld geben: Schuld an der griechischen Misere ist nicht Griechenland, sondern die Fremdherrschaft,  Europa, Troika, Merkel Krise \u2013 zwischendurch erinnert man an einmarschierende Wehrmachtstruppen.\u201c<\/p>\n<p>\u201eDie Eliten Griechenlands haben es geschafft, Steuerzahlungen bis zum Staatsbankrott zu vermeiden und ihr Verm\u00f6gen vor Europa retten zu lassen.  Gleichzeitig haben es die Eliten geschafft, Europa die Schuld an der Misere<br \/>\nGriechenlands zu geben. Wann wachen die Griechen auf? (Zitat Ende).\u201c<\/p>\n<p>Der Bericht sagt die Wahrheit \u00fcber Medien im Allgemeinen. Nach diesem Schema wird regiert und kommentiert. Das ist die globale Sprache internationaler  Medienmogule. Berichterstattung im Namen und Sinn ihrer reichen Inhaber &#8211; zu Gunsten der Reichen und Lobbys &#8211; ihren Auftraggebern. Das Bekenntnis f\u00fcr soziale Gerechtigkeit ist so lange Schall und Rauch, bis durch Gesetze soziale Sicherheit f\u00fcr Menschen hergestellt wird.<\/p>\n<p>Der Erfolg des europ\u00e4ischen Gipfeltreffens besteht darin, dass eben diese Forderungen erf\u00fcllt und  in Gesetze gefasst werden, um die Verhandlungen erfolgreich fortzusetzen. Ein ganz normaler, parlamentarischer Vorgang.<\/p>\n<p>Politische Entscheidungen werden global, wie in Deutschland, durch Konzerne und den Wirtschaftsverb\u00e4nden gepr\u00e4gt. Sie dr\u00fccken mit ihrer Macht von 5.850 Mrd. Euro auf politische Entscheidungen &#8211; zu ihren Gunsten. Was sie nicht erreichen schaffen 8 Millionen Deutsche die 90% des privaten Verm\u00f6gens von rund 12.000 Mrd. Euro besitzen. Wenn die Finanzelite nicht angemessen an den Kosten des Staates beteiligt wird ist soziale Gerechtigkeit eine Farce, und die Krisen un\u00fcberwindbar.<\/p>\n<p>Die Menschen wollen Bildung, Ausbildung, Arbeit, Familien gr\u00fcnden, Kinder, ein menschenw\u00fcrdiges Einkommen, bezahlbaren Wohnraum, Frieden, Selbstbestimmung und soziale Sicherheit. Daf\u00fcr steht Agenda 2011-2012. Bereits im Mai 2010 stellte die Initiative Agenda 2011-2012 der \u00d6ffentlichkeit ein Sanierungskonzept mit einem heutigen Finanzrahmen von 275 Mrd. Euro vor,  das f\u00fcr ausgeglichene Haushalte und R\u00fcckf\u00fchrung der Staatsschulden steht. Agenda 2011-2012 leistet mit ihren Reformvorschl\u00e4gen einen bedeutenden politischen Betrag f\u00fcr soziale Sicherheit.<\/p>\n<p>Dieter Neumann<\/p>\n<p>Agenda 2011 \u2013 2012<br \/>\nDieter Neumann<br \/>\nWintershall Allee 7<br \/>\n31275 Lehrte<br \/>\nInfo@agenda2011-2012.de<br \/>\nhttp:\/\/www.agenda2011-2012.de<\/p>\n<p>Die Initiative Agenda 2011-2012 stellte der \u00d6ffentlichkeit und 1.000 Personen des \u00f6ffentlichen Lebens bereits im Mai 2010 ein Sanierungskonzept mit einem heutigen Finanzrahmen von 275 Mr. Euro vor das f\u00fcr ausgeglichene Haushalte und R\u00fcckf\u00fchrung der Staatsschulden steht. Es werden L\u00f6sungsvorschl\u00e4ge f\u00fcr die gro\u00dfen Probleme der Zivilgesellschaft vorgestellt. Um diese Ziele politisch zu realisieren kooperiert Agenda 2011-2012  mit der sich in Gr\u00fcndung befindenden \u201eUnion f\u00fcr Soziale Sicherheit\u201c.<\/p>\n","protected":false},"excerpt":{"rendered":"<p>(Agenda 2011-2012) Nach einer Oxfam-Studie wird 2016 ein Prozent der Weltbev\u00f6lkerung \u00fcber mehr Verm\u00f6gen verf\u00fcgen als der ganze Rest. Das Verm\u00f6gen der 80 Reichsten hat sich von 2009 bis 2014 verdoppelt. Die Ungleichverteilung von Verm\u00f6gen ist ersch\u00fctternd. Der wachsenden, sozialen &hellip; <a href=\"http:\/\/www.agenda-news.de\/?p=1646\">Weiterlesen <span class=\"meta-nav\">&rarr;<\/span><\/a><\/p>\n","protected":false},"author":2,"featured_media":0,"comment_status":"closed","ping_status":"open","sticky":false,"template":"","format":"standard","meta":{"footnotes":""},"categories":[1],"tags":[214,1240,1107,1076,81,212,1237,5,1031,1239,1238],"class_list":["post-1646","post","type-post","status-publish","format-standard","hentry","category-allgemein","tag-armut","tag-besteuerung","tag-griechenland","tag-hoffnung","tag-kapital","tag-mindestlohn","tag-misswirtschaft","tag-sanierungskonzept","tag-staatsuberschuldung","tag-steuerflucht","tag-steuervermeidung"],"_links":{"self":[{"href":"http:\/\/www.agenda-news.de\/index.php?rest_route=\/wp\/v2\/posts\/1646","targetHints":{"allow":["GET"]}}],"collection":[{"href":"http:\/\/www.agenda-news.de\/index.php?rest_route=\/wp\/v2\/posts"}],"about":[{"href":"http:\/\/www.agenda-news.de\/index.php?rest_route=\/wp\/v2\/types\/post"}],"author":[{"embeddable":true,"href":"http:\/\/www.agenda-news.de\/index.php?rest_route=\/wp\/v2\/users\/2"}],"replies":[{"embeddable":true,"href":"http:\/\/www.agenda-news.de\/index.php?rest_route=%2Fwp%2Fv2%2Fcomments&post=1646"}],"version-history":[{"count":1,"href":"http:\/\/www.agenda-news.de\/index.php?rest_route=\/wp\/v2\/posts\/1646\/revisions"}],"predecessor-version":[{"id":1648,"href":"http:\/\/www.agenda-news.de\/index.php?rest_route=\/wp\/v2\/posts\/1646\/revisions\/1648"}],"wp:attachment":[{"href":"http:\/\/www.agenda-news.de\/index.php?rest_route=%2Fwp%2Fv2%2Fmedia&parent=1646"}],"wp:term":[{"taxonomy":"category","embeddable":true,"href":"http:\/\/www.agenda-news.de\/index.php?rest_route=%2Fwp%2Fv2%2Fcategories&post=1646"},{"taxonomy":"post_tag","embeddable":true,"href":"http:\/\/www.agenda-news.de\/index.php?rest_route=%2Fwp%2Fv2%2Ftags&post=1646"}],"curies":[{"name":"wp","href":"https:\/\/api.w.org\/{rel}","templated":true}]}}