{"id":1835,"date":"2015-09-29T09:23:46","date_gmt":"2015-09-29T07:23:46","guid":{"rendered":"http:\/\/www.agenda-news.de\/?p=1835"},"modified":"2015-09-29T09:34:49","modified_gmt":"2015-09-29T07:34:49","slug":"vorteilsnahme-das-hassliche-gesicht-des-kapitalismus","status":"publish","type":"post","link":"http:\/\/www.agenda-news.de\/?p=1835","title":{"rendered":"Vorteilsnahme \u2013 Das h\u00e4ssliche Gesicht des Kapitalismus"},"content":{"rendered":"<p><a href=\"http:\/\/www.agenda-news.de\/wp-content\/uploads\/2015\/09\/3er-Logos_2cm-A1.jpg\"><img loading=\"lazy\" decoding=\"async\" class=\"alignleft size-full wp-image-1836\" src=\"http:\/\/www.agenda-news.de\/wp-content\/uploads\/2015\/09\/3er-Logos_2cm-A1.jpg\" alt=\"Bild: Agenda 2011-2012\" width=\"236\" height=\"221\" \/><\/a><\/p>\n<p>(UfSS.de) Ob Volkswagen einen Imageverlust erleidet, der Gesamtschaden k\u00f6nnte bei 40 Mrd. Euro liegen, Vorst\u00e4nde ausgewechselt werden, viele Arbeitnehmer ihren Arbeitsplatz verlieren\u00a0 und wie hoch der Umsatz einbrechen wird, \u00a0lag im Kalk\u00fcl der Verantwortlichen. Durch ihr kriminelles Verhalten wurden sie erpressbar. Wenn ein gesunder Mensch auf einer Mauer steht, um runterzuspringen, kann er das Risiko erkennen. Er wird eine H\u00f6he w\u00e4hlen, die er meistern kann, ohne dabei einen k\u00f6rperlichen Schaden zu erleidet.<\/p>\n<p>Bei Vorteilsnehmern und Verbrechern ist das anders. Die T\u00e4ter meinen, dass sie zu schlau sind, um erwischt zu werden &#8211; selbst bei Kapitalverbrechen nicht. Triebfeder ist in den meisten F\u00e4llen\u00a0 Vorteilsnahme &#8211;\u00a0 materielle Bereicherung. Bei Volkswagen ist das nicht anders. Der Konzern wollte sich rechtswidrig bereichern und seine Macht ausbauen. VW muss das ausbaden was man sich selbst eingebrockt hat. Die Politik tr\u00e4gt die Verantwortung daf\u00fcr, dass ihre Institutionen den Schlamassel zugelassen haben. Warum hat das Bundesverkehrsamt die Schadstoffabgaben f\u00fcr\u00a0 Diesel-PKW nicht gepr\u00fcft, warum wurde so sp\u00e4t reagiert?<\/p>\n<p>Deutschland hielt den Atem an, als Dateien von \u00a0Steuerbetr\u00fcgern auftauchten,\u00a0 von Beh\u00f6rden gekauft wurden und Namenslisten der vielen gro\u00dfen Steuerbetr\u00fcger lieferten. Das Dilemma, es gab daf\u00fcr kein Strafma\u00df &#8211; keine Gesetze.\u00a0 Folglich wurden die Betr\u00fcgereien als Ordnungswidrigkeiten einzustufen. Die Strafen sind, nachdem der rechtsfreie Raum geschlossen wurde, eher niedrig \u2013 zumal die Namen der T\u00e4ter geheim bleiben.<\/p>\n<p>Die Gier nach Geld und Macht ist grenzenlos. Unterschlagung, Korruption, Geldw\u00e4sche, Drogen- und Menschenhandel (Schlepperbanden),\u00a0 Waffengesch\u00e4fte, Krankenh\u00e4user und \u00c4rzte betr\u00fcgen Krankenkassen, Lebensmittel- und Sexskandale sind an der Tagesordnung. Dazu die letzten Meldungen der Medien: Der Eierskandal in Bayern fordert die ersten Todesopfer. Betrug auf Rezept: Ein neues Gesetz soll die Korruption im Gesundheitswesen eind\u00e4mmen, den \u00c4rzten geht diese Forderung aber viel zu weit. Ebenso peinlich, wie bei zu Guttenberg und Schavan,\u00a0 ist die Vorteilsnahme von Ursula von der Leyen, die bei der Doktorarbeit gepatzt haben soll. Voreilsnahme in der FIFA und im Sport durch Doping.<\/p>\n<p><strong>Die Bundesregierung mischt bei Vorteilsnahmen und Vorteilsgaben t\u00fcchtig mit: Anders ist das j\u00e4hrliche Steuergeschenk in H\u00f6he von einer Mrd. Euro \u00a0an Hoteliers nicht zu deuten. Helmut Kohl hat 1991 und 1997 die B\u00f6rsenumsatz- und Verm\u00f6gensteuer abgeschafft. Er, Schr\u00f6der und Merkel haben auf Steuereinnahmen von rund 750 Mrd. Euro verzichtet. Verbeugt haben sie sich nicht nur vor Verm\u00f6gende mit einem steuerfreien Privatverm\u00f6gen von \u00fcber 12 Billionen Euro, sondern auch vor Unternehmen die davon profitieren, dass Deutschland zum Niedriglohnland Nummer 1 in Europa abgestiegen ist. In dieses Bild passt, dass Besch\u00e4ftigte seit 2011 durch die kalte Progression um rund 12 Mrd. Euro geprellt werden.<\/strong><\/p>\n<p><strong>50 Prozent Nichtw\u00e4hler zeigen der Politik den R\u00fccken, da sie \u00a0am regellosen Regieren, Vorteilsnahmen und Misswirtschaft sowieso nichts \u00e4ndern k\u00f6nnen. Sie warten darauf, dass Reformen angesto\u00dfen werden die zu mehr sozialer Gerechtigkeit f\u00fchren und Reiche angemessen an den Kosten des Staates beteiligt werden. Bei den Staats- und Regierungschefs ist nicht zu erkennen, dass sie diesen Weg gehen wollen, da sie keine tragbaren Vorschl\u00e4ge zur L\u00f6sung der Krisen haben.<\/strong><\/p>\n<p><strong>Papst Franziskus fand vor dem US-Kongress und der UN-Vollversammlung deutliche Worte. Er \u00fcbte gut verpackte Kritik und verlangte mehr Umwelt- und Klimaschutz, Mitgef\u00fchl f\u00fcr Einwanderer, ein Ende der Todesstrafe,\u00a0 sowie den Erhalt der traditionellen Familie. Das Streben nach Macht und Vorteilsnahme f\u00fchre dazu, dass Ressourcen ungeb\u00fchrlich ausgenutzt und Arme ausgegrenzt\u00a0 w\u00fcrden. Er kritisierte\u00a0 die weltweite Wegwerfkultur, die die \u00c4rmsten der Welt am h\u00e4rtesten trifft.<\/strong><\/p>\n<p><strong>Er verwies auch darauf, dass Menschenhandel, sexuelle Ausbeutung von Kindern, Sklavenarbeit, Prostitution, Drogen und Waffenhandel, Terrorismus und organisierte Kriminalit\u00e4t so schnell wie m\u00f6glich zu \u00fcberwinden sei und Institutionen effektiver dagegen k\u00e4mpfen m\u00fcssten. Ein moderner Papst gegen Vorteilsnahme, dem Politiker kaum folgen k\u00f6nnen. Die Initiative Agenda 2011-2012 ist Beiden voraus. Sie stellte der \u00d6ffentlichkeit bereits im Mai 2010 im Internet ein Sanierungsprogramm vor, das f\u00fcr ausgeglichene Haushalte und R\u00fcckf\u00fchrung der Staatschulden steht \u2013 europa- und\u00a0 weltweit. Auf die vielen gro\u00dfen Probleme werden Reformvorschl\u00e4ge angeboten.<\/strong><\/p>\n<p><strong>Dieter Neumann<\/strong><\/p>\n<p>Agenda2011-2012<br \/>\nAgenda News<br \/>\nUnion f\u00fcr Soziale Sicherheit<br \/>\nDieter Neumann<br \/>\nWintershall Allee 7<br \/>\n31275 Lehrte<br \/>\nInfo@agenda2011-2012.de<br \/>\nhttp:\/\/www.agenda2011-2012.de<\/p>\n<p>Dieter Neumann Lehrte, Autor, freier Journalist, Mitglied im Verband Deutscher Pressejournalisten, gr\u00fcndete 2010 die Initiative Agenda 2011-2012 und die Onlinezeitung Agenda News.\u00a0 Bereits im Mai 2010 wurde der \u00d6ffentlichkeit ein Sanierungskonzept mit einem Finanzrahmen von 275 Mrd. Euro vorgestellt, das f\u00fcr ausgeglichene Haushalte und R\u00fcckf\u00fchrung der Staatsschulden steht. Agenda News analysiert seit 2010 jede Woche\u00a0 nationale und\u00a0 inter-nationale Nachrichten aus Politik und Wirtschaft und vermittelt unabh\u00e4ngige und nachhaltige Antworten auf brisante Themen. Politik wagen, erleben, gestalten und finanzieren ist die Devise.<\/p>\n","protected":false},"excerpt":{"rendered":"<p>(UfSS.de) Ob Volkswagen einen Imageverlust erleidet, der Gesamtschaden k\u00f6nnte bei 40 Mrd. Euro liegen, Vorst\u00e4nde ausgewechselt werden, viele Arbeitnehmer ihren Arbeitsplatz verlieren\u00a0 und wie hoch der Umsatz einbrechen wird, \u00a0lag im Kalk\u00fcl der Verantwortlichen. Durch ihr kriminelles Verhalten wurden sie &hellip; <a href=\"http:\/\/www.agenda-news.de\/?p=1835\">Weiterlesen <span class=\"meta-nav\">&rarr;<\/span><\/a><\/p>\n","protected":false},"author":2,"featured_media":0,"comment_status":"closed","ping_status":"open","sticky":false,"template":"","format":"standard","meta":{"footnotes":""},"categories":[1],"tags":[],"class_list":["post-1835","post","type-post","status-publish","format-standard","hentry","category-allgemein"],"_links":{"self":[{"href":"http:\/\/www.agenda-news.de\/index.php?rest_route=\/wp\/v2\/posts\/1835","targetHints":{"allow":["GET"]}}],"collection":[{"href":"http:\/\/www.agenda-news.de\/index.php?rest_route=\/wp\/v2\/posts"}],"about":[{"href":"http:\/\/www.agenda-news.de\/index.php?rest_route=\/wp\/v2\/types\/post"}],"author":[{"embeddable":true,"href":"http:\/\/www.agenda-news.de\/index.php?rest_route=\/wp\/v2\/users\/2"}],"replies":[{"embeddable":true,"href":"http:\/\/www.agenda-news.de\/index.php?rest_route=%2Fwp%2Fv2%2Fcomments&post=1835"}],"version-history":[{"count":4,"href":"http:\/\/www.agenda-news.de\/index.php?rest_route=\/wp\/v2\/posts\/1835\/revisions"}],"predecessor-version":[{"id":1843,"href":"http:\/\/www.agenda-news.de\/index.php?rest_route=\/wp\/v2\/posts\/1835\/revisions\/1843"}],"wp:attachment":[{"href":"http:\/\/www.agenda-news.de\/index.php?rest_route=%2Fwp%2Fv2%2Fmedia&parent=1835"}],"wp:term":[{"taxonomy":"category","embeddable":true,"href":"http:\/\/www.agenda-news.de\/index.php?rest_route=%2Fwp%2Fv2%2Fcategories&post=1835"},{"taxonomy":"post_tag","embeddable":true,"href":"http:\/\/www.agenda-news.de\/index.php?rest_route=%2Fwp%2Fv2%2Ftags&post=1835"}],"curies":[{"name":"wp","href":"https:\/\/api.w.org\/{rel}","templated":true}]}}