{"id":1917,"date":"2015-10-12T00:35:56","date_gmt":"2015-10-11T22:35:56","guid":{"rendered":"http:\/\/www.agenda-news.de\/?p=1917"},"modified":"2015-10-13T09:11:07","modified_gmt":"2015-10-13T07:11:07","slug":"grose-koalition-missachtet-die-armutsgrenze-von-979-euro","status":"publish","type":"post","link":"http:\/\/www.agenda-news.de\/?p=1917","title":{"rendered":"Gro\u00dfe Koalition missachtet die Armutsgrenze von 979 Euro"},"content":{"rendered":"<p><a href=\"http:\/\/www.agenda-news.de\/wp-content\/uploads\/2015\/10\/11_herr_neumann.jpg\"><img loading=\"lazy\" decoding=\"async\" class=\"alignleft size-full wp-image-1919\" src=\"http:\/\/www.agenda-news.de\/wp-content\/uploads\/2015\/10\/11_herr_neumann.jpg\" alt=\"\" width=\"247\" height=\"133\" \/><\/a>(Agenda News) \u00a0Die Koalitionsregierungen sind seit Helmut Kohl daf\u00fcr zust\u00e4ndig, dass sich Verm\u00f6gende nicht angemessen an den Kosten des Staates beteiligen. Angela Merkel kann sich nicht davon freisprechen, dass der Graben zwischen Armen und Reichen unter ihrer \u00a010-j\u00e4hrigen Regie immer tiefer wird. Sie ignoriert, dass nach einer Oxfam Studie 2016 ein Prozent der Menschen 98 % des Weltverm\u00f6gens besitzen, die anderen den Rest. Reiche besitzen in Deutschland \u00fcber 12 Billionen Euro Privatverm\u00f6gen und zahlen keinen Cent Steuern.<\/p>\n<p>Unternehmen stehen f\u00fcr einen Umsatz von rund 6 Billionen Euro. Gemeinsam mit der Finanzelite, zu denen auch die Medien geh\u00f6ren, dr\u00fccken sie mit Ihrer Macht auf politische\u00a0 Entscheidungen &#8211;\u00a0 zu ihren Gunsten. Dem steht eine\u00a0 macht-, regel- und ideenlose Regierung gegen\u00fcber die 2,035 Billionen Euro Schulden verwaltet. Sie l\u00e4sst zu, dass 12 Millionen arm sind, weil ihr monatliches Nettoeinkommen unter 979 Euro liegt. Das ist sozial verwerflich!!<\/p>\n<p>Betroffen sind 7 Millionen Regelsatz-Empf\u00e4nger, 17,45 Mio. Besch\u00e4ftigte die unter 5, 6, 7, 8, und 8,50 Euro verdienen, 2,5 Mio. arme Kinder, 1,1 Mio. Alleinerziehende, 1,3 Mio. Behinderte und Sozialhilfe-Empf\u00e4nger, die nicht arbeitsf\u00e4hig sind. In Deutschland sind von 42,89 Mio. Besch\u00e4ftigten rund 2,8 Mio. arbeitslos (6,5 %) und 7 Mio. Menschen ohne Job, von denen sich ein Teil in \u00a0Arbeitsf\u00f6rderungsma\u00dfnahmen befindet. Es fehlen 20.000 Lehrer und weitere 30.000 Besch\u00e4ftigte bei Polizei, Zoll, Finanzbeh\u00f6rden, Justiz, in Kitas, Erzieherinnen und Pflegepersonal.<\/p>\n<p>Das tr\u00e4gt dazu bei, dass sich Deutschland zum Niedriglohnland und\u00a0 zum Niedrigrentenland Nummer Eins in Europa entwickelt hat. Konservative Kreise in Deutschland haben das nicht verhindert, sie sind\u00a0 nur an \u00a0Profit, Macht, Verm\u00f6gen und Einflussnahme interessiert. Schr\u00f6der und Merkel w\u00e4ren gescheitert, wenn sie die Verm\u00f6gens- und B\u00f6rsenumsatzsteuer wieder eingef\u00fchrt h\u00e4tten. Wer hat versagt? Keiner. Wer tr\u00e4gt die Verantwortung? Keiner. Wer tritt zur\u00fcck? Kein<\/p>\n<p>Die Initiative Agenda 2011-2012 bem\u00fcht sich innerhalb der Zivilgesellschaft um einen Konsens zwischen B\u00fcrgern, Reichen und Unternehmen, um alle Gesellschaftsschichten angemessen an den Kosten des Staates zu beteiligen. Ohne eine parit\u00e4tische Beteiligung der Finanzelite an den Kosten wird dieser weder die \u00dcberschuldung von rund 300 Mrd. Euro, den Abbau des Investitionstaus von rund 320 Mrd. Euro, die Integrationskosten und die gro\u00dfen Probleme, die gro\u00dfes Geld kosten, bew\u00e4ltigen k\u00f6nnen.<\/p>\n<p>Die Initiative Agenda 2011-2012 stellte der \u00d6ffentlichkeit und 1.000 Personen des \u00f6ffentlichen Interesses bereits im Mai 2010 ein Sanierungskonzept vor, das mit einem Finanzrahmen von 275 Mrd. Euro f\u00fcr ausgeglichen Haushalte und R\u00fcckf\u00fchrung der Staatsschulden steht.<\/p>\n<p>Dieter Neumann<\/p>\n<p>Agenda2011-2012<br \/>\nAgenda News<br \/>\nUnion f\u00fcr Soziale Sicherheit<br \/>\nDieter Neumann<br \/>\nWintershall Allee 7<br \/>\n31275 Lehrte<br \/>\nInfo@agenda2011-2012.de<br \/>\nhttp:\/\/www.agenda2011-2012.de<\/p>\n<p>Dieter Neumann Lehrte, Autor, freier Journalist, Mitglied im Verband Deutscher Pressejournalisten, gr\u00fcndete 2010 die Initiative Agenda 2011-2012 und die Onlinezeitung Agenda News.\u00a0 Bereits im Mai 2010 wurde der \u00d6ffentlichkeit ein Sanierungskonzept mit einem Finanzrahmen von 275 Mrd. Euro vorgestellt, das f\u00fcr ausgeglichene Haushalte und R\u00fcckf\u00fchrung der Staatsschulden steht. Agenda News analysiert seit 2010 jede Woche\u00a0 nationale und\u00a0 inter-nationale Nachrichten aus Politik und Wirtschaft und vermittelt unabh\u00e4ngige und nachhaltige Antworten auf brisante Themen. Politik wagen, erleben, gestalten und finanzieren ist unsere Devise.<\/p>\n","protected":false},"excerpt":{"rendered":"<p>(Agenda News) \u00a0Die Koalitionsregierungen sind seit Helmut Kohl daf\u00fcr zust\u00e4ndig, dass sich Verm\u00f6gende nicht angemessen an den Kosten des Staates beteiligen. Angela Merkel kann sich nicht davon freisprechen, dass der Graben zwischen Armen und Reichen unter ihrer \u00a010-j\u00e4hrigen Regie immer &hellip; <a href=\"http:\/\/www.agenda-news.de\/?p=1917\">Weiterlesen <span class=\"meta-nav\">&rarr;<\/span><\/a><\/p>\n","protected":false},"author":2,"featured_media":0,"comment_status":"closed","ping_status":"open","sticky":false,"template":"","format":"standard","meta":{"footnotes":""},"categories":[1],"tags":[283,348,640,923,1297,592,5,85,1031,25],"class_list":["post-1917","post","type-post","status-publish","format-standard","hentry","category-allgemein","tag-armutsgrenze","tag-finanzelite","tag-grose-koalition","tag-niedriglohnland","tag-niedrigrentenland","tag-privatvermogen","tag-sanierungskonzept","tag-schulden","tag-staatsuberschuldung","tag-unternehmen"],"_links":{"self":[{"href":"http:\/\/www.agenda-news.de\/index.php?rest_route=\/wp\/v2\/posts\/1917","targetHints":{"allow":["GET"]}}],"collection":[{"href":"http:\/\/www.agenda-news.de\/index.php?rest_route=\/wp\/v2\/posts"}],"about":[{"href":"http:\/\/www.agenda-news.de\/index.php?rest_route=\/wp\/v2\/types\/post"}],"author":[{"embeddable":true,"href":"http:\/\/www.agenda-news.de\/index.php?rest_route=\/wp\/v2\/users\/2"}],"replies":[{"embeddable":true,"href":"http:\/\/www.agenda-news.de\/index.php?rest_route=%2Fwp%2Fv2%2Fcomments&post=1917"}],"version-history":[{"count":4,"href":"http:\/\/www.agenda-news.de\/index.php?rest_route=\/wp\/v2\/posts\/1917\/revisions"}],"predecessor-version":[{"id":1926,"href":"http:\/\/www.agenda-news.de\/index.php?rest_route=\/wp\/v2\/posts\/1917\/revisions\/1926"}],"wp:attachment":[{"href":"http:\/\/www.agenda-news.de\/index.php?rest_route=%2Fwp%2Fv2%2Fmedia&parent=1917"}],"wp:term":[{"taxonomy":"category","embeddable":true,"href":"http:\/\/www.agenda-news.de\/index.php?rest_route=%2Fwp%2Fv2%2Fcategories&post=1917"},{"taxonomy":"post_tag","embeddable":true,"href":"http:\/\/www.agenda-news.de\/index.php?rest_route=%2Fwp%2Fv2%2Ftags&post=1917"}],"curies":[{"name":"wp","href":"https:\/\/api.w.org\/{rel}","templated":true}]}}