{"id":1955,"date":"2015-10-23T00:46:47","date_gmt":"2015-10-22T22:46:47","guid":{"rendered":"http:\/\/www.agenda-news.de\/?p=1955"},"modified":"2015-10-23T08:42:06","modified_gmt":"2015-10-23T06:42:06","slug":"%e2%80%9evolker-hort-die-signale-aus-kanada-justin-trudeau-erreichte-die-absolute-mehrheit-mit-steuererhohungen-fur-reiche","status":"publish","type":"post","link":"http:\/\/www.agenda-news.de\/?p=1955","title":{"rendered":"\u201eV\u00f6lker h\u00f6rt die Signale\u201c aus Kanada &#8211; Justin Trudeau erreichte die absolute Mehrheit mit Steuererh\u00f6hungen f\u00fcr Reiche"},"content":{"rendered":"<p><a href=\"http:\/\/www.agenda-news.de\/wp-content\/uploads\/2015\/10\/36_agenda-welt-klein-Leere-Seiten-362.jpg\"><img loading=\"lazy\" decoding=\"async\" class=\"alignleft size-full wp-image-1958\" src=\"http:\/\/www.agenda-news.de\/wp-content\/uploads\/2015\/10\/36_agenda-welt-klein-Leere-Seiten-362.jpg\" alt=\"Bild: Agend 2011-2012\" width=\"106\" height=\"106\" \/><\/a><\/p>\n<p>(Agenda News) \u00a0Zum ersten Mal in der Geschichte stehen Steuererh\u00f6hungen f\u00fcr einen\u00a0 deutlichen, \u00fcberraschenden Wahlsieg. Trudeau stimmt nicht das alte <a title=\"Kampflied\" href=\"https:\/\/de.wikipedia.org\/wiki\/Kampflied\">Kampflied<\/a> der sozialistischen <a title=\"Arbeiterbewegung\" href=\"https:\/\/de.wikipedia.org\/wiki\/Arbeiterbewegung\">Arbeiterbewegung<\/a> an, sondern will Kanada \u00fcber Steuererh\u00f6hungen f\u00fcr Reiche und hohen Investitionen in die Infrastruktur sanieren. Damit stellt er sich gegen Konservative im eignen Land und gegen konservative Kr\u00e4fte und Regierungen\u00a0 in anderen Demokratien.<\/p>\n<p>Trudeau l\u00e4utet eine neue Phase von einer demokratisch ausgerichteten Staats-Finanzierung ein, die in dieser Form neu ist. Er stellt sich damit vorl\u00e4ufig gegen Staats- und Regierungschefs, die mit Steuererh\u00f6hungen lieb\u00e4ugeln, sie aber nicht gegen die Macht von Reichen, Lobbys, Unternehmerverb\u00e4nden und Medien durchsetzen k\u00f6nnen. Sigmar Gabriel forderte vor der letzten Bundestagswahl h\u00f6here Steuern f\u00fcr Besserverdiener, wovon er nach der Wahl nichts mehr wissen wollte.<\/p>\n<p>Mit der Entscheidung f\u00fcr h\u00f6here Steuern wenden Kanadas B\u00fcrger Schaden von sich selbst ab. Es steht f\u00fcr eine angemessene, loyale und parit\u00e4tische Beteiligung aller Gesellschaftsschichten an den \u00a0Kosten Kanadas. Dies l\u00e4sst Folgerungen \u00a0zu, dass weitere Staaten sich diesem Modell anschlie\u00dfen werden \u2013 m\u00fcssen. Die USA, Kanada und EU-Staaten sind mit 18,5 Billionen Euro \u00fcberschuldet. Das liegt daran, dass die Staatsausgaben in den letzten 40 Jahren h\u00f6her waren als die Staatseinnahmen.<\/p>\n<p>In den USA k\u00e4mpfen &#8211;\u00a0 wie weltweit\u00a0 &#8211; \u00a0Erzkonservative, Megaverm\u00f6gende, Konzerne und Medien gegen Steuererh\u00f6hungen f\u00fcr Reiche, Steuersenkungen f\u00fcr Besch\u00e4ftigte, gegen Sozialsysteme, weil sie jeden Dollar oder Cent in die eigene Tasche stecken wollen. Ein Paradebeispiel ist die gr\u00f6\u00dfte Volkswirtschaft in Europa und die viertgr\u00f6\u00dfte der Welt, Deutschland. Es hat als eines der letzten L\u00e4nder der EU, am sp\u00e4testen den Mindestlohn von 8,50 Euro eingef\u00fchrt.<\/p>\n<p>In Deutschland\u00a0 ist das Bruttoinlandsprodukt (BIP) seit 2008 um 27 Prozent gestiegen, die Staatschulden um 21 % und die Einnahmen\/Ausgaben des Bundeshaushaltes um plus \u00a05 %. Deutschland ist mit rund 280 Milliarden\u00a0 Euro \u00fcberschuldet. Hinzu kommt ein Investitionsstau von 320 Mrd. Euro. Mit h\u00f6heren Steuermehreinnahmen von 100 Mrd. Euro wurden Haushaltsl\u00f6cher gestopft.<\/p>\n<p>Es besteht ein aktueller Finanzbedarf von rund 600 Mrd. Euro. Der Bundeshaushalt hat 2014 Einnahmen- und Ausgabenvolumen von 298 Mrd. Euro. Davon entfallen auf Schuldzinsen rund\u00a0 27,8 Mrd. Euro, 155 Mrd. Euro auf Sozialsysteme\/Wehretat und 27 Mrd. Euro auf allgemeine Regierungskosten. Wie will Wolfgang\u00a0 Sch\u00e4uble, die schwarze Null vor Augen, mit den verbleibenden 90 Mrd. Euro soziale Gerechtigkeit sichern, 600 Mrd. Euro Finanzbedarf deckeln und die gro\u00dfen Aufgaben, die gro\u00dfes Geld kosten, finanzieren?<\/p>\n<p>Wie und wann wird der Staat seiner Aufgabe gerecht, die Bez\u00fcge von 12 Millionen Armen an die Armutsgrenze von 979 Euro anzupassen? 17,5 Mio. nicht organisierte Besch\u00e4ftigte erhalten Stundenl\u00f6hne von unter 5, 6,7,8, und 8,50 Euro. 4 Millionen Rentner beziehen Bruttorenten von unter 500 Euro und 5,45 Mio. unter 700 Euro. (Statista). Das ist sozial verwerflich. Die Initiative Agenda 2011-2012 stellt sich gegen diese Entwicklung. Das Ziel ist eine angemessene Beteiligung aller Gesellschaftsschichten an den Kosten des Staates.<\/p>\n<p>Bereits im Mai 2010 wurde der \u00d6ffentlichkeit ein Sanierungskonzept mit einem Finanzrahmen von \u00fcber 275 Mrd. Euro vorgestellt, das f\u00fcr ausgeglichene Haushalte und R\u00fcckf\u00fchrung der Staatsschulden steht. Das Gr\u00fcndungsprotokoll ist als Sachbuch erschienen und exklusiv bei Agenda 2011-2012 f\u00fcr 6,95 Euro (Inklusiv MWST. und Versandkosten) erh\u00e4ltlich. In \u00fcber 400 Fachbeitr\u00e4gen (Pressemitteilungen) werden L\u00f6sungsvorschl\u00e4ge f\u00fcr die gro\u00dfen Probleme angeboten. Agenda 2011-2012 war Justin Trudeau um \u00fcber 5 Jahre voraus.<\/p>\n<p>Dieter Neumann<\/p>\n<p>Agenda 2011-2012<br \/>\nAgenda News<br \/>\nUnion f\u00fcr Soziale Sicherheit<br \/>\nDieter Neumann<br \/>\nWintershall Allee 7<br \/>\n31275 Lehrte<br \/>\nInfo@agenda2011-2012.de<br \/>\nhttp:\/\/www.agenda2011-2012.de<\/p>\n<p>Dieter Neumann Lehrte, Autor, freier Journalist, Mitglied im Verband Deutscher Pressejournalisten, gr\u00fcndete 2010 die Initiative Agenda 2011-2012 und die Onlinezeitung Agenda News.\u00a0 Bereits im Mai 2010 wurde der \u00d6ffentlichkeit ein Sanierungskonzept mit einem Finanzrahmen von 275 Mrd. Euro vorgestellt, das f\u00fcr ausgeglichene Haushalte und R\u00fcckf\u00fchrung der Staatsschulden steht. Agenda News analysiert seit 2010 alle 4 Tage\u00a0 nationale und\u00a0 inter-nationale Nachrichten aus Politik und Wirtschaft und vermittelt unabh\u00e4ngige und nachhaltige Antworten auf brisante Themen. Politik wagen, erleben, gestalten und finanzieren ist unsere Devise.<\/p>\n","protected":false},"excerpt":{"rendered":"<p>(Agenda News) \u00a0Zum ersten Mal in der Geschichte stehen Steuererh\u00f6hungen f\u00fcr einen\u00a0 deutlichen, \u00fcberraschenden Wahlsieg. Trudeau stimmt nicht das alte Kampflied der sozialistischen Arbeiterbewegung an, sondern will Kanada \u00fcber Steuererh\u00f6hungen f\u00fcr Reiche und hohen Investitionen in die Infrastruktur sanieren. Damit &hellip; <a href=\"http:\/\/www.agenda-news.de\/?p=1955\">Weiterlesen <span class=\"meta-nav\">&rarr;<\/span><\/a><\/p>\n","protected":false},"author":2,"featured_media":0,"comment_status":"closed","ping_status":"open","sticky":false,"template":"","format":"standard","meta":{"footnotes":""},"categories":[1],"tags":[1035,348,1309,80,1128,212,350,5,1031,343],"class_list":["post-1955","post","type-post","status-publish","format-standard","hentry","category-allgemein","tag-finanzbedarf","tag-finanzelite","tag-kanada","tag-konzerne","tag-lobbys","tag-mindestlohn","tag-reiche","tag-sanierungskonzept","tag-staatsuberschuldung","tag-steuererhohung"],"_links":{"self":[{"href":"http:\/\/www.agenda-news.de\/index.php?rest_route=\/wp\/v2\/posts\/1955","targetHints":{"allow":["GET"]}}],"collection":[{"href":"http:\/\/www.agenda-news.de\/index.php?rest_route=\/wp\/v2\/posts"}],"about":[{"href":"http:\/\/www.agenda-news.de\/index.php?rest_route=\/wp\/v2\/types\/post"}],"author":[{"embeddable":true,"href":"http:\/\/www.agenda-news.de\/index.php?rest_route=\/wp\/v2\/users\/2"}],"replies":[{"embeddable":true,"href":"http:\/\/www.agenda-news.de\/index.php?rest_route=%2Fwp%2Fv2%2Fcomments&post=1955"}],"version-history":[{"count":4,"href":"http:\/\/www.agenda-news.de\/index.php?rest_route=\/wp\/v2\/posts\/1955\/revisions"}],"predecessor-version":[{"id":1961,"href":"http:\/\/www.agenda-news.de\/index.php?rest_route=\/wp\/v2\/posts\/1955\/revisions\/1961"}],"wp:attachment":[{"href":"http:\/\/www.agenda-news.de\/index.php?rest_route=%2Fwp%2Fv2%2Fmedia&parent=1955"}],"wp:term":[{"taxonomy":"category","embeddable":true,"href":"http:\/\/www.agenda-news.de\/index.php?rest_route=%2Fwp%2Fv2%2Fcategories&post=1955"},{"taxonomy":"post_tag","embeddable":true,"href":"http:\/\/www.agenda-news.de\/index.php?rest_route=%2Fwp%2Fv2%2Ftags&post=1955"}],"curies":[{"name":"wp","href":"https:\/\/api.w.org\/{rel}","templated":true}]}}