{"id":2059,"date":"2015-11-27T00:47:01","date_gmt":"2015-11-26T23:47:01","guid":{"rendered":"http:\/\/www.agenda-news.de\/?p=2059"},"modified":"2015-11-28T00:06:24","modified_gmt":"2015-11-27T23:06:24","slug":"bald-15-millionen-weniger-jobs-ein-fanal","status":"publish","type":"post","link":"http:\/\/www.agenda-news.de\/?p=2059","title":{"rendered":"Bald 15 Millionen weniger Jobs \u2013 Ein Fanal"},"content":{"rendered":"<div id=\"attachment_1929\" style=\"width: 198px\" class=\"wp-caption alignleft\"><a href=\"http:\/\/www.agenda-news.de\/wp-content\/uploads\/2015\/10\/09_agenda-news-logo-21.jpg\"><img loading=\"lazy\" decoding=\"async\" aria-describedby=\"caption-attachment-1929\" class=\"size-full wp-image-1929\" src=\"http:\/\/www.agenda-news.de\/wp-content\/uploads\/2015\/10\/09_agenda-news-logo-21.jpg\" alt=\"Bild: Agenda 2011-2012\" width=\"188\" height=\"57\" \/><\/a><p id=\"caption-attachment-1929\" class=\"wp-caption-text\">Bild: Agenda 2011-2012<\/p><\/div>\n<p>(Agenda News) Wer sich am Tag nach der Debatte zum Bundeshaushalt 2016, in Zeitungen oder anderen Medien, einen \u00dcberblick dar\u00fcber verschaffen wollte, wurde bitter entt\u00e4uscht, es gibt keinen Hinweis darauf. Der Kommentar der ARD beschr\u00e4nkt sich auf die Fl\u00fcchtlings- und Terrorkrise. In den Medien fand die Debatte nicht statt. Warum sich auch mit so unbedeutenden Themen besch\u00e4ftigen, dass 13 Millionen Armen die Anpassung ihrer geringen Bez\u00fcge an die Armutsgrenze von netto 979 Euro verweigert wird?<\/p>\n<p>Oder, 17,45 Millionen Besch\u00e4ftigten mit Bruttol\u00f6hnen von unter 5, 6, 7, 8, und 8,50 Euro die Anpassung an den Mindestlohn von 8,50 Euro verweigert wird &#8211; nur weil sie nicht gewerkschaftlich organisiert sind? Da sind 4 Millionen Rentner die Bruttorenten von unter 500 Euro und 5,45 Mio. Rentner die Bruttorenten von unter 700 Euro beziehen. 4 Mio. Rentner werden aufgrund der Rentenerh\u00f6hung im Juli 2016 steuerpflichtig und zahlen rund 300 Millionen Steuern in die Staatskasse.<\/p>\n<p>1991 wurde die B\u00f6rsenumsatz- und 1997 die Verm\u00f6gensteuer ersatzlos gestrichen bzw. ausgesetzt. Dadurch gingen dem Staat bis heute \u00fcber 750 Mrd. Euro verloren. Die Regierung gew\u00e4hrt Hoteliers pro Jahr eine Milliarde Euro Steuervorteile. F\u00fcr die Kohlenlobby hat Gabriel f\u00fcr die Reservehaltung von 5 \u00fcberalterten\u00a0 Gruben 1,6 Mrd. Euro Steuergelder locker gemacht. Dar\u00fcber wurde der Mantel des Schweigens gelegt. \u00a02014 wurden 330 Mrd. Euro vererbt, worauf 4,5 Mrd. Euro (1,5 %)\u00a0 Erbschaftsteuern gezahlt wurden.<\/p>\n<p>Die Regierung hat ein hausgemachtes Problem, sie verwaltet 2.035 Mrd. Euro Schulden. Unternehmen stehen f\u00fcr einen Umsatz von rund 5.900 Mrd. Euro und Reiche besitzen ein Privatverm\u00f6gen von 12.000 Mrd. Euro, worauf sie keinen Cent Steuern zahlen. Mit ihrer Macht dr\u00fccken sie auf politische Entscheidungen \u2013 zu ihren Gunsten. Die Debatte hat einmal mehr gezeigt, dass jeder Redner Vorschl\u00e4ge einbringt, die nat\u00fcrlich Geld kosten. In Ihrer Gesamtheit hat keiner einen Vorschlag unterbreitet, wie das bezahlt werden soll. Die r\u00fchmliche Ausnahme war wieder einmal die Linke, deren Vorschl\u00e4ge sich mit der Finanzierung derselben befasst.<\/p>\n<p>H\u00e4tte die Rede zum Haushalt 2016 im Mai stattgefunden, h\u00e4tte sie ein \u00fcberragendes Thema gehabt, \u201e dass bis 2040 rund 15 Millionen qualifizierte Arbeiterinnen, Arbeiter und Angestellte fehlen\u201c. 2014 sind bereits 300.000 qualifizierte Besch\u00e4ftigte nach Deutschland eingereist, 2015 d\u00fcrfte die j\u00e4hrliche Quote von 500.000 wohl erreicht werden, die bis 2040 geplant sind. Politiker, \u00d6konomen, Wissenschaftler, Wirtschaftsweise, Wirtschaftsinstitute, Experten und Besserwisser wetteiferten darum, ihre Position als die richtige ins rechte Licht zu setzen. Triebfeder waren Wirtschaftsverb\u00e4nde mit der Forderung nach mehr qualifizierten Besch\u00e4ftigten:<\/p>\n<p>Und nun der Super-GAU, dass bis 2040 nicht die herbeigeschworenen 15 Millionen\u00a0 Besch\u00e4ftigten fehlen, sondern die Arbeitspl\u00e4tze. Haben sich Experten bis gestern so geirrt? Ja! \u00d6konomen, Wirtschaftswissenschaftler, Politiker, Wirtschaftsweise, Unternehmervereinigungen und Experten haben daf\u00fcr gesorgt, dass Risikominimierung, Gewinnmaximierung, Synergieeffekte und \u201eRationalisierung\u201c Hundertausende Arbeitspl\u00e4tze vernichtet hat und ganze Branchen verloren gingen.<\/p>\n<p>Es ist die Zeit der Zukunftsforscher, die der Zeit weit voraus sind. Techniker und clevere Unternehmer \u00a0waren die Vorbereiter f\u00fcr Roboter, k\u00fcnstliche Intelligenz und selbstfahrende Fahrzeuge. Es werden in S\u00fcdkorea \u00a0digitale Systeme getestet die v\u00f6llig selbst\u00e4ndig Flugzeuge steuern. In Konzernen wie Amazon werden in den Riesenl\u00e4gern Roboter den Menschen ersetzen. Konzerne, Versicherer, Post und Banken werden Computerprogramme nutzen,\u00a0 um Berater zu ersetzen, Internetportale ben\u00f6tigen keine Verk\u00e4ufer mehr. Insofern hat die Zukunft l\u00e4ngst begonnen.<\/p>\n<p>Ausgerechnet Konzerne sprechen von \u201eIndustrie 4.0\u201c und sehen in der Vernetzung von Maschinen und Produktionsplattformen die gro\u00dfen Zukunftschancen. Man kann die \u00c4ngste der Menschen verstehen, die f\u00fcrchten, dass durch Digitalisierung und Automatisierung 15 Millionen Jobs verloren gehen. Man kann das Desinteresse der B\u00fcrger an Politik verstehen, zumal sie meinen, dass sie sowieso nichts \u00e4ndern k\u00f6nnen &#8211; sie und die Politik. Dagegen stemmt sich die Initiative Agenda 2011-2012.<\/p>\n<p>Bereits im Mai 2010 wurde der \u00d6ffentlichkeit ein Sanierungsprogramm mit einem aktuellen Finanzrahmen von 275 Mrd. Euro vorgestellt, das f\u00fcr ausgeglichene Haushalte und R\u00fcckf\u00fchrung der Staatschulden steht. In \u00fcber 400 Beitr\u00e4gen werden L\u00f6sungsvorschlage \u00a0f\u00fcr die vielen kleinen und gro\u00dfen Probleme angeboten. Allein auf prcenter.de\u00a0 wurden \u00fcber 4 Mio. Seiten statistisch aufgerufen, gelesen und runtergeladen. In Verbindung mit weiteren 40 Presseportalen, Blogs und Online-Zeitungen, ein au\u00dfergew\u00f6hnlicher Erfolg. Das Gr\u00fcndungsprotokoll ist als Sachbuch erschienen.<\/p>\n<p>Dieter Neumann<\/p>\n<p>Agenda 2011-2012<br \/>\nAgenda News<br \/>\nUnion f\u00fcr Soziale Sicherheit<br \/>\nDieter Neumann<br \/>\nWintershall Allee 7<br \/>\n31275 Lehrte<br \/>\nInfo@agenda2011-2012.de<br \/>\nhttp:\/\/www.agenda2011-2012.de<\/p>\n<p>Dieter Neumann Lehrte, Autor, freier Journalist, Mitglied im Verband Deutscher Pressejournalisten, gr\u00fcndete 2010 die Initiative Agenda 2011-2012 und die Onlinezeitung Agenda News.\u00a0 Bereits im Mai 2010 wurde der \u00d6ffentlichkeit ein Sanierungskonzept mit einem Finanzrahmen von 275 Mrd. Euro vorgestellt, das f\u00fcr ausgeglichene Haushalte und R\u00fcckf\u00fchrung der Staatsschulden steht.<\/p>\n<p>Agenda News analysiert seit 2010 alle 4 Tage\u00a0 nationale und\u00a0 internationale Nachrichten aus Politik und Wirtschaft und vermittelt unabh\u00e4ngige und nachhaltige Antworten auf brisante Themen. Ab Mai 2016 soll die au\u00dferparlamentarische Arbeit\u00a0\u00a0 durch die \u201eUnion f\u00fcr Soziale Sicherheit\u201c fortgesetzt werden, nachdem das Programm 6 Jahre erfolgreich getestet wurde. Gr\u00fcndungsmitglieder sind herzlich eingeladen.<\/p>\n","protected":false},"excerpt":{"rendered":"<p>(Agenda News) Wer sich am Tag nach der Debatte zum Bundeshaushalt 2016, in Zeitungen oder anderen Medien, einen \u00dcberblick dar\u00fcber verschaffen wollte, wurde bitter entt\u00e4uscht, es gibt keinen Hinweis darauf. Der Kommentar der ARD beschr\u00e4nkt sich auf die Fl\u00fcchtlings- und &hellip; <a href=\"http:\/\/www.agenda-news.de\/?p=2059\">Weiterlesen <span class=\"meta-nav\">&rarr;<\/span><\/a><\/p>\n","protected":false},"author":2,"featured_media":0,"comment_status":"closed","ping_status":"open","sticky":false,"template":"","format":"standard","meta":{"footnotes":""},"categories":[1],"tags":[100,214,154,1310,94,506,5,586,57,1326],"class_list":["post-2059","post","type-post","status-publish","format-standard","hentry","category-allgemein","tag-arbeitslosigkeit","tag-armut","tag-beschaftigte","tag-fluchtlingskrise","tag-migranten","tag-regelsatz-empfanger","tag-sanierungskonzept","tag-terror","tag-vermogen","tag-zukunftsforscher"],"_links":{"self":[{"href":"http:\/\/www.agenda-news.de\/index.php?rest_route=\/wp\/v2\/posts\/2059","targetHints":{"allow":["GET"]}}],"collection":[{"href":"http:\/\/www.agenda-news.de\/index.php?rest_route=\/wp\/v2\/posts"}],"about":[{"href":"http:\/\/www.agenda-news.de\/index.php?rest_route=\/wp\/v2\/types\/post"}],"author":[{"embeddable":true,"href":"http:\/\/www.agenda-news.de\/index.php?rest_route=\/wp\/v2\/users\/2"}],"replies":[{"embeddable":true,"href":"http:\/\/www.agenda-news.de\/index.php?rest_route=%2Fwp%2Fv2%2Fcomments&post=2059"}],"version-history":[{"count":8,"href":"http:\/\/www.agenda-news.de\/index.php?rest_route=\/wp\/v2\/posts\/2059\/revisions"}],"predecessor-version":[{"id":2072,"href":"http:\/\/www.agenda-news.de\/index.php?rest_route=\/wp\/v2\/posts\/2059\/revisions\/2072"}],"wp:attachment":[{"href":"http:\/\/www.agenda-news.de\/index.php?rest_route=%2Fwp%2Fv2%2Fmedia&parent=2059"}],"wp:term":[{"taxonomy":"category","embeddable":true,"href":"http:\/\/www.agenda-news.de\/index.php?rest_route=%2Fwp%2Fv2%2Fcategories&post=2059"},{"taxonomy":"post_tag","embeddable":true,"href":"http:\/\/www.agenda-news.de\/index.php?rest_route=%2Fwp%2Fv2%2Ftags&post=2059"}],"curies":[{"name":"wp","href":"https:\/\/api.w.org\/{rel}","templated":true}]}}