{"id":2107,"date":"2015-12-08T10:33:20","date_gmt":"2015-12-08T09:33:20","guid":{"rendered":"http:\/\/www.agenda-news.de\/?p=2107"},"modified":"2015-12-08T11:06:25","modified_gmt":"2015-12-08T10:06:25","slug":"deutschland-im-krieg-nach-tornados-bodentruppen-2","status":"publish","type":"post","link":"http:\/\/www.agenda-news.de\/?p=2107","title":{"rendered":"Deutschland im Krieg \u2013 Nach Tornados Bodentruppen"},"content":{"rendered":"<p>&nbsp;<\/p>\n<p><strong><\/strong><a href=\"http:\/\/www.agenda-news.de\/wp-content\/uploads\/2015\/12\/Fotolia_705078-280-XS.jpg\"><img loading=\"lazy\" decoding=\"async\" class=\"alignleft size-full wp-image-2116\" src=\"http:\/\/www.agenda-news.de\/wp-content\/uploads\/2015\/12\/Fotolia_705078-280-XS.jpg\" alt=\"\" width=\"280\" height=\"187\" \/><\/a>(Agenda News)\u00a0 \u00a0Der Islamische Staat hat mit seinem politisch-religi\u00f6sen Terror weltweit eine blutige Spur hinterlassen. Die Menschen trauern um die vielen unschuldigen Opfer. Am 11. November 2001 st\u00fcrzten 2 Flugzeuge gezielt in die New Yorker Zwillingst\u00fcrme des Word Trade Center (3.047 Tote). Es folgten Terroranschl\u00e4ge in Bali, Madrid, Moskau, London, Mumbai, Sousse\/Tunesien, Ankara, Paris und Kalifornien mit 1.003 Todesopfern.<\/p>\n<p>Die Terrororganisationen Boko Haram, Islamischer Staat und Taliban f\u00fchrten 2014\u00a0 weltweit 2.415 Terroranschl\u00e4ge aus, bei denen16.196 Todesopfer und 10.851 Verletzte zu beklagen waren (Statista). Haben die USA Kriegsgr\u00fcnde in Vietnam und Irak erfunden und erlogen, liefern ihnen die Terrorgruppen mehr als gen\u00fcgend legale Gr\u00fcnde sie zu bek\u00e4mpfen.<\/p>\n<p>Die USA, die m\u00e4chtigste Milit\u00e4rmacht der Welt, hat 60 Verb\u00fcndete gefunden die sie milit\u00e4risch, logistisch und finanziell im Kampf gegen die Terrormiliz Islamischer Staat unterst\u00fctzen. Mit im Boot sitzt Deutschland, nachdem der Bundestag mit 445 Ja-Stimmen dem Syrien-Einsatz von 1.200 Soldaten, Tornados und einer Fregatte zugestimmt hat. Nach Meinungsumfragen stimmen 58 Prozent der B\u00fcrger f\u00fcr diese Beteiligung.<\/p>\n<p>Die Kriegsgeschichte hat gezeigt,\u00a0 welches Prozedere nun folgt: Die Stellungen des Feindes werden sturmreif bombardiert und beschossen. Da sich der Feind in Kinderg\u00e4rten, Schulen, Krankenh\u00e4usern, Moschen und \u00f6ffentlichen Geb\u00e4uden verschanzt, werden viele Opfer erwartet.\u00a0 Mehrere St\u00e4dte, D\u00f6rfer und Ansiedlungen sind dem Boden gleichgemacht. In \u00a0Syrien starben bisher \u00fcber 220.000 Menschen an den Kriegsfolgen, es rollt die Maschinerie des Krieges.<\/p>\n<p>Weitere Terrorangriffe d\u00fcrften das Fass des Zumutbaren zum \u00dcberlaufen bringen und dazu f\u00fchren, dass Bodentruppen eingesetzt werden. Der Krieg der Allianz, so berechtigt er auch sein mag, wird noch vielen Milit\u00e4rs und Zivilisten das Leben kosten. Reparationskosten proportionieren sich in rasender Geschwindigkeit, Fl\u00fcchtlinge einbegriffen. Das spielt sich im Vordergrund der Krisen ab, in denen sich die meisten Staaten noch befinden.<\/p>\n<p>Die Folgen der Weltwirtschaftskrise 2008\/2009 und daraus resultierende Schulden-, Wirtschafts-, Finanz-, Banken-, Struktur- und Vertrauenskrise haben zu einem nie dagewesenen Abschwung gef\u00fchrt. Deutschlands Wirtschaftsleistung verringerte sich um 5 Prozent. Nie zuvor haben Politiker, \u00d6konomen, Wirtschaftsweise, Wirtschaftswissenschaftler. Experten und Besserwisser\u00a0 mit ihren Prognosen so danebengelegen. Die USA, Japan und EU-Staaten sind nach dem Maastricht Referenzwert (60 % vom BIP) mit rund 18,5 Billionen Euro \u00fcberschuldet.<\/p>\n<p>Mit alten konservativen politischen Inhalten und Strategien wird die globale Krise nicht \u00fcberwunden. Statt Kriege zu f\u00fchren sollte man die Ursachen bek\u00e4mpfen. Armut und Unterdr\u00fcckung f\u00fchren zu Widerstand, Streitigkeiten, kriegerischen Auseinandersetzungen und Terror. Der Graben zwischen \u00a0Armen und Reichen ist genau so tief, wie der \u00a0zwischen Sunniten und Schiiten. Nur der hat beiderseits noch hohes Stacheldrahtz\u00e4une, einen gem\u00e4\u00dfigten Islam und einen terroristischen.<\/p>\n<p>Die Krisen werden nur gel\u00f6st, wenn einerseits die Finanzelite angemessen an den Kosten des Staates beteiligt wird. Andererseits, wenn die in Wien wieder aufgenommenen Gespr\u00e4che zu eineim Konsens und friedlicher Koexistenz f\u00fchren. Streitigkeiten innerhalb der Staatengruppe tr\u00fcben diese Aussichten vorl\u00e4ufig ein.<\/p>\n<p>Eine Minderheit besitzt in Deutschland ein Privatverm\u00f6gen von \u00fcber 12.000 Milliarden Euro und zahlt keinen Cent Verm\u00f6gensteuern. Unternehmen stehen f\u00fcr einen Umsatz von rund 5.900 Mrd. Euro. Gemeinsam dr\u00fccken sie auf Politische Entscheidungen \u2013 zu ihren Gunsten. Soziale Gerechtigkeit bleibt immer st\u00e4ren auf der Strecke.<\/p>\n<p>Dem widersetzt sich die Initiative Agenda 2011-2012. Sie stellte der \u00d6ffentlichkeit bereits im Mai 2010 ein Sanierungskonzept vor, das mit einem Finanzrahmen von \u00fcber 275 Mrd. Euro f\u00fcr ausgeglichene Haushalte und R\u00fcckf\u00fchrung der Staatsschulden steht. In \u00fcber 400 Berichten werden L\u00f6sungsvorschl\u00e4ge f\u00fcr die vielen kleinen und gro\u00dfen Probleme angeboten.<\/p>\n<p>Dieter Neumann<strong><br \/>\n<\/strong><\/p>\n<p>Agenda 2011-2012<br \/>\nAgenda News<br \/>\nUnion f\u00fcr Soziale Sicherheit<br \/>\nDieter Neumann<br \/>\nWintershall Allee 7<br \/>\n31275 Lehrte<br \/>\nInfo@agenda2011-2012.de<br \/>\nhttp:\/\/www.agenda2011-2012.de<\/p>\n<p>Dieter Neumann, Lehrte, Autor, freier Journalist, Mitglied im Verband Deutscher Pressejournalisten, gr\u00fcndete 2010 die Initiative Agenda 2011-2012 und die Onlinezeitung Agenda News.\u00a0 Bereits im Mai 2010 wurde der \u00d6ffentlichkeit ein Sanierungskonzept mit einem Finanzrahmen von 275 Mrd. Euro vorgestellt, das f\u00fcr ausgeglichene Haushalte und R\u00fcckf\u00fchrung der Staatsschulden steht.<\/p>\n<p>Agenda News analysiert seit 2010 alle 4 Tage\u00a0 nationale und\u00a0 internationale Nachrichten aus Politik und Wirtschaft und vermittelt unabh\u00e4ngige und nachhaltige Antworten auf brisante Themen. Das Ziel aller Aktivit\u00e4ten ist, eine angemessene Beteiligung aller Gesellschaftsschichten an den Staatkosten, um \u201eSoziale Sicherheit\u201c herzustellen. Soziale Sicherheit bedeutet auch Freiheit, Gleichheit und Br\u00fcderlichkeit.<\/p>\n","protected":false},"excerpt":{"rendered":"<p>&nbsp; (Agenda News)\u00a0 \u00a0Der Islamische Staat hat mit seinem politisch-religi\u00f6sen Terror weltweit eine blutige Spur hinterlassen. Die Menschen trauern um die vielen unschuldigen Opfer. Am 11. November 2001 st\u00fcrzten 2 Flugzeuge gezielt in die New Yorker Zwillingst\u00fcrme des Word Trade &hellip; <a href=\"http:\/\/www.agenda-news.de\/?p=2107\">Weiterlesen <span class=\"meta-nav\">&rarr;<\/span><\/a><\/p>\n","protected":false},"author":2,"featured_media":0,"comment_status":"closed","ping_status":"open","sticky":false,"template":"","format":"standard","meta":{"footnotes":""},"categories":[1],"tags":[],"class_list":["post-2107","post","type-post","status-publish","format-standard","hentry","category-allgemein"],"_links":{"self":[{"href":"http:\/\/www.agenda-news.de\/index.php?rest_route=\/wp\/v2\/posts\/2107","targetHints":{"allow":["GET"]}}],"collection":[{"href":"http:\/\/www.agenda-news.de\/index.php?rest_route=\/wp\/v2\/posts"}],"about":[{"href":"http:\/\/www.agenda-news.de\/index.php?rest_route=\/wp\/v2\/types\/post"}],"author":[{"embeddable":true,"href":"http:\/\/www.agenda-news.de\/index.php?rest_route=\/wp\/v2\/users\/2"}],"replies":[{"embeddable":true,"href":"http:\/\/www.agenda-news.de\/index.php?rest_route=%2Fwp%2Fv2%2Fcomments&post=2107"}],"version-history":[{"count":3,"href":"http:\/\/www.agenda-news.de\/index.php?rest_route=\/wp\/v2\/posts\/2107\/revisions"}],"predecessor-version":[{"id":2115,"href":"http:\/\/www.agenda-news.de\/index.php?rest_route=\/wp\/v2\/posts\/2107\/revisions\/2115"}],"wp:attachment":[{"href":"http:\/\/www.agenda-news.de\/index.php?rest_route=%2Fwp%2Fv2%2Fmedia&parent=2107"}],"wp:term":[{"taxonomy":"category","embeddable":true,"href":"http:\/\/www.agenda-news.de\/index.php?rest_route=%2Fwp%2Fv2%2Fcategories&post=2107"},{"taxonomy":"post_tag","embeddable":true,"href":"http:\/\/www.agenda-news.de\/index.php?rest_route=%2Fwp%2Fv2%2Ftags&post=2107"}],"curies":[{"name":"wp","href":"https:\/\/api.w.org\/{rel}","templated":true}]}}