{"id":2201,"date":"2016-01-22T07:29:38","date_gmt":"2016-01-22T06:29:38","guid":{"rendered":"http:\/\/www.agenda-news.de\/?p=2201"},"modified":"2016-01-22T07:29:38","modified_gmt":"2016-01-22T06:29:38","slug":"dieter-neumann-bda-will-beschaftigte-starker-belasten","status":"publish","type":"post","link":"http:\/\/www.agenda-news.de\/?p=2201","title":{"rendered":"Dieter Neumann &#8211; BDA will Besch\u00e4ftigte st\u00e4rker belasten"},"content":{"rendered":"<p><a href=\"http:\/\/www.agenda-news.de\/wp-content\/uploads\/2016\/01\/Ufss-220-Nr.-4912.2015leere-seite-35-logo-8723.jpg\"><img loading=\"lazy\" decoding=\"async\" class=\"alignleft size-full wp-image-2202\" src=\"http:\/\/www.agenda-news.de\/wp-content\/uploads\/2016\/01\/Ufss-220-Nr.-4912.2015leere-seite-35-logo-8723.jpg\" alt=\"Bild:Agend2011-2012\" width=\"146\" height=\"203\" \/><\/a>(Agenda News)\u00a0\u00a0 Es ist schon erstaunlich und bemerkenswert, was die Bundesvereinigung der Arbeitgeberverb\u00e4nde (BDA) so von sich gibt, Zitat: Die Modernisierung der sozialen Sicherungssysteme und insbesondere der beitragsfinanzierten Sozialversicherung ist zwingende Voraussetzung f\u00fcr ein dauerhaft finanzierbares und leistungsf\u00e4higes Sozialsystem. Zu hohe und k\u00fcnftig \u2013 aufgrund der demografischen Entwicklung \u2013 ggf. noch weiter steigende Beitragss\u00e4tze, die sich direkt in noch h\u00f6heren gesetzlichen Personalzusatzkosten niederschlagen, sind Gift f\u00fcr die Wettbewerbsf\u00e4higkeit der Unternehmen, das Wirtschaftswachstum und die Besch\u00e4ftigungszahlen.<\/p>\n<p>Eine zukunftssichere Krankenversicherung erfordert vor allem mit Blick auf die \u00fcberh\u00f6hten Personalzusatzkosten sowie die demografische Entwicklung durchgreifende und nachhaltige Strukturreformen, die sowohl auf der Finanzierungs- als auch auf der Leistungsseite ansetzen. Auf der Finanzierungsseite bieten einkommensunabh\u00e4ngige Gesundheitspr\u00e4mien hierf\u00fcr den besten Weg. Auf der Leistungsseite kommt es vor allem darauf an, den Wettbewerb zu intensivieren und den Aufgabenkatalog auf eine Basissicherung zu konzentrieren.<\/p>\n<p>Die soziale Pflegeversicherung muss noch dringender als alle anderen Sozialversicherungszweige auf den demografischen Wandel vorbereitet werden, denn hier steigen die Ausgaben aufgrund der Alterung st\u00e4rker als in allen anderen Bereichen der Sozialversicherung. Hierf\u00fcr bedarf es umfassender Strukturreformen auf der Finanzierungs- wie auf der Leistungsseite.<\/p>\n<p>Die gesetzliche Rentenversicherung ist heute sehr viel besser auf die zu erwartenden demografischen Ver\u00e4nderungen vorbereitet, als dies fr\u00fcher der Fall war. Hierzu beigetragen haben insbesondere das \u201eRV-Nachhaltigkeitsgesetz\u201c, das zu einer langfristigen Senkung des Rentenniveaus f\u00fchren wird, und das \u201eRV-Altersgrenzenanpassungsgesetz\u201c, durch das die Regelaltersgrenze bis 2029 auf 67 Jahre angehoben wird. Beide Ma\u00dfnahmen sind unverzichtbar, um die Rentenausgaben langfristig zu begrenzen und damit die dauerhafte Finanzierbarkeit der Rentenversicherung sicherzustellen. Die BDA setzt sich deshalb daf\u00fcr ein, die Leistungen aller Zweige der Sozialversicherung auf eine Basisversicherung zu konzentrieren (Zitat Ende).<\/p>\n<p>Dass Sozialsysteme wichtig sind, steht au\u00dfer Zweifel, dass sich Unternehmer der Verantwortung f\u00fcr das Gemeinwohl entziehen wollen, auch. Der BDA hat wohlwollend zugesehen, dass sich Deutschland zum Niedriglohn- und Niedrigrentenland Nummer eins in Europa entwickelt hat. In den letzten 10 Jahren sind L\u00f6hne und Geh\u00e4lter real um 0,51 % gestiegen. Die Zusch\u00fcsse zu den Sozialsystemen haben Unternehmen einseitig gek\u00fcrzt und dadurch rund 25 Milliarden Euro mehr in den Taschen als Arbeitnehmerinnen und Arbeitnehmer.<\/p>\n<p>Sie besch\u00e4ftigen 17,45 Millionen Berufst\u00e4tige f\u00fcr Stundenl\u00f6hne unter 5, 6. 7. 8 und 8,50 Euro. Das hat Niedrigrenten zur Folge. 4 Millionen Rentner beziehen Bruttorenten unter 500 Euro und 5.4 Million Bruttorenten unter 700 Euro. Die Entwicklung des Netto-Rentenniveaus zeigt ein erschreckendes Bild. Sie lag 1990 bei 55,0 %, 2009 bei 52 %, 2015 bei 47,1 % und wird, wie festgeschrieben, 2030 ein Niveau von 43 Prozent erreichen.<\/p>\n<p>Mit welchen Rentenanspr\u00fcchen d\u00fcrfen 13 Millionen Arme in Deutschland noch rechnen? Bei dem Mindestlohnniveau liegt Deutschland im Mittelfeld der EU und bei den Personalzusatzkosten an 19. Stelle. In Schweden zahlen Unternehmen ihren Besch\u00e4ftigten auf 100 Euro 51 Euro, in Frankreich 47 Euro, Italien 41 Euro, Spanien 37 Euro und Deutschland 27 Euro Sozialzusch\u00fcsse.<\/p>\n<p>Deutschland ist die gr\u00f6\u00dfte und reichste Volkswirtschaft in Europa und nach den USA, China und Japan die viertgr\u00f6\u00dfte der Welt. Es passt nicht in dieses Bild, dass Unternehmen die Rechte ihrer 42,6 Millionen flei\u00dfigen und ehrlichen Mitarbeiter immer st\u00e4rker einschr\u00e4nken.<\/p>\n<p>Donald Trump, erzkonservativer, selbst ernannter Pr\u00e4sidentschaftskandidat der Republikaner zeigt, wof\u00fcr Konservative und Unternehmen stehen. Sie wollen keine Gewerkschaften, keinen gesetzlichen Mindestlohn, keine Steuerh\u00f6hungen f\u00fcr sich, keine Steuersenkungen f\u00fcr Besch\u00e4ftigte. Sie wollen nicht in Sozialsysteme investieren, sie wollen jeden Dollar oder Euro (TTIP) in die eigenen Taschen stecken. Jede Meinung ist auch eine Gesinnung, die des BDA ist, Vorteilsnahme zu Lasten der Mitarbeiter.<\/p>\n<p>Justin Trudeau, Kanadas neuer Ministerpr\u00e4sident, hat mit einem Kontrastprogramm einen erdrutschartigen Wahlsieg errungen, sein Versprechen: \u201eSteuererh\u00f6hungen f\u00fcr Reiche und\u00a0 Multimillion\u00e4re, um die Infrastruktur zu modernisiere. Agenda 2011-2012 ist der Zeit weit voraus. Sie stellte der \u00d6ffentlichkeit bereits im Mai 2010 ein Sanierungsprogramm vor, das f\u00fcr ausgeglichene Haushalte und R\u00fcckf\u00fchrung der Staatsschulden steht.<\/p>\n<p>Dieter Neumann<\/p>\n<p>Agenda 2011-2012<br \/>\nAgenda News<br \/>\nUnion f\u00fcr Soziale Sicherheit<br \/>\nDieter Neumann<br \/>\nWintershall Allee 7<br \/>\n31275 Lehrte<br \/>\nInfo@agenda2011-2012.de<br \/>\nhttp:\/\/www.agenda2011-2012.de<\/p>\n<p>&nbsp;<\/p>\n<p>&nbsp;<\/p>\n","protected":false},"excerpt":{"rendered":"<p>(Agenda News)\u00a0\u00a0 Es ist schon erstaunlich und bemerkenswert, was die Bundesvereinigung der Arbeitgeberverb\u00e4nde (BDA) so von sich gibt, Zitat: Die Modernisierung der sozialen Sicherungssysteme und insbesondere der beitragsfinanzierten Sozialversicherung ist zwingende Voraussetzung f\u00fcr ein dauerhaft finanzierbares und leistungsf\u00e4higes Sozialsystem. Zu &hellip; <a href=\"http:\/\/www.agenda-news.de\/?p=2201\">Weiterlesen <span class=\"meta-nav\">&rarr;<\/span><\/a><\/p>\n","protected":false},"author":2,"featured_media":0,"comment_status":"closed","ping_status":"open","sticky":false,"template":"","format":"standard","meta":{"footnotes":""},"categories":[1],"tags":[214,1363,1160,486,453,1365,1159,5,1156,1364],"class_list":["post-2201","post","type-post","status-publish","format-standard","hentry","category-allgemein","tag-armut","tag-bda","tag-krankenversicherung","tag-niedriglohn","tag-niedrigrenten","tag-pflegeversicherung","tag-rentenversicherung","tag-sanierungskonzept","tag-sozialsysteme","tag-sozialversicherung"],"_links":{"self":[{"href":"http:\/\/www.agenda-news.de\/index.php?rest_route=\/wp\/v2\/posts\/2201","targetHints":{"allow":["GET"]}}],"collection":[{"href":"http:\/\/www.agenda-news.de\/index.php?rest_route=\/wp\/v2\/posts"}],"about":[{"href":"http:\/\/www.agenda-news.de\/index.php?rest_route=\/wp\/v2\/types\/post"}],"author":[{"embeddable":true,"href":"http:\/\/www.agenda-news.de\/index.php?rest_route=\/wp\/v2\/users\/2"}],"replies":[{"embeddable":true,"href":"http:\/\/www.agenda-news.de\/index.php?rest_route=%2Fwp%2Fv2%2Fcomments&post=2201"}],"version-history":[{"count":1,"href":"http:\/\/www.agenda-news.de\/index.php?rest_route=\/wp\/v2\/posts\/2201\/revisions"}],"predecessor-version":[{"id":2203,"href":"http:\/\/www.agenda-news.de\/index.php?rest_route=\/wp\/v2\/posts\/2201\/revisions\/2203"}],"wp:attachment":[{"href":"http:\/\/www.agenda-news.de\/index.php?rest_route=%2Fwp%2Fv2%2Fmedia&parent=2201"}],"wp:term":[{"taxonomy":"category","embeddable":true,"href":"http:\/\/www.agenda-news.de\/index.php?rest_route=%2Fwp%2Fv2%2Fcategories&post=2201"},{"taxonomy":"post_tag","embeddable":true,"href":"http:\/\/www.agenda-news.de\/index.php?rest_route=%2Fwp%2Fv2%2Ftags&post=2201"}],"curies":[{"name":"wp","href":"https:\/\/api.w.org\/{rel}","templated":true}]}}