{"id":2317,"date":"2016-03-29T09:03:01","date_gmt":"2016-03-29T07:03:01","guid":{"rendered":"http:\/\/www.agenda-news.de\/?p=2317"},"modified":"2016-03-29T18:33:34","modified_gmt":"2016-03-29T16:33:34","slug":"schwarze-null-ja-aber-nicht-diesen-unsinn","status":"publish","type":"post","link":"http:\/\/www.agenda-news.de\/?p=2317","title":{"rendered":"Schwarze Null mit vielen Fragezeichen"},"content":{"rendered":"<p><div id=\"attachment_2296\" style=\"width: 192px\" class=\"wp-caption alignleft\"><a href=\"http:\/\/www.agenda-news.de\/wp-content\/uploads\/2016\/03\/Logo-Agenda-20x20.jpg\"><img loading=\"lazy\" decoding=\"async\" aria-describedby=\"caption-attachment-2296\" src=\"http:\/\/www.agenda-news.de\/wp-content\/uploads\/2016\/03\/Logo-Agenda-20x20.jpg\" alt=\"Bild: Agenda 2011-2012\" width=\"182\" height=\"182\" class=\"size-full wp-image-2296\" srcset=\"http:\/\/www.agenda-news.de\/wp-content\/uploads\/2016\/03\/Logo-Agenda-20x20.jpg 182w, http:\/\/www.agenda-news.de\/wp-content\/uploads\/2016\/03\/Logo-Agenda-20x20-150x150.jpg 150w\" sizes=\"auto, (max-width: 182px) 100vw, 182px\" \/><\/a><p id=\"caption-attachment-2296\" class=\"wp-caption-text\">Bild: Agenda 2011-201<\/p><\/div>(Agenda 2011-2012) Kein Geringerer als Jean Claude Junker, dienst \u00e4ltester Regierungschef eines EU-Landes und Pr\u00e4sident der Europakommission, sagt: \u201eWir befinden uns mitten in der Krise, weitere werden folgen.\u201c Es sollte hei\u00dfen, wir befinden uns in der Schuldenkrise und weitere Krisen werden daraus entstehen. Die Staatsausgaben der USA, der EU-Staaten und Japans sind in den letzten 45 Jahren um 32.000 Milliarden Euro h\u00f6her als die Staatseinnahmen. In dieser Zeit wurde kein Dollar, Euro\/DM oder Yen getilgt. <\/p>\n<p>Staats- und Regierungschefs, Politiker, Wirtschaftswissenschaftler und \u00d6konomen (Experten) hinterlassen den zuk\u00fcnftigen Generationen, Kindern und Enkelkindern, rund 32 Billionen Euro Schulden. Sie haben daf\u00fcr rund 1.5 Billionen Euro Zinsen gezahlt. Die F\u00fchrungselite ist christlich\/demokratisch, christlich\/sozial, sozialdemokratisch, liberal und konservativ eingestellt. Sie haben das nicht verhindert.<\/p>\n<p>Die Schulden sind ein gro\u00dfes Problem, wobei von Erzkonservativen nichts Gutes zu erwarten ist. Donald Trump gibt die Richtung vor: Er will keine Steuererh\u00f6hungen f\u00fcr Reiche, keine Steuersenkungen f\u00fcr Besch\u00e4ftigte, keine Gewerkschaften, nicht in Sozialsysteme investieren, das sei ein Verbrechen, und Migranten sind des Teufels Werkzeug. Er will, dass die USA Kriegsverbrechen ver\u00fcben. <\/p>\n<p>Gemeinsam haben Experten keine Antworten, wie die Krise \u00fcberwunden werden kann, h\u00e4tten sie Antworten, g\u00e4be es keine Krise. Sie unterbreiten t\u00e4glich Vorschl\u00e4ge, was sie alles \u00e4ndern wollen. Wer die 32 Billionen Schulden tilgen soll, wei\u00df keiner. Mit neuen Schulden wollen sie die Wirtschaft anschieben. 2,3 Billionen frisches Geld haben das nicht geschafft. Nun sollen AXA und Co mit 50 Mrd. Euro Autobahnen bauen. Das kostet zwar viel mehr aber man erspart sich neue Schulden auf Kosten der Steuerzahler. Es spielt auch keine Rolle, dass die ersten Kommunen Wasserrechte verkaufen und Talsperren, Flugh\u00e4fen, Seeh\u00e4fen. Staud\u00e4mme und Stra\u00dfenz\u00fcge folgen k\u00f6nnten.<\/p>\n<p>Alle Experten wollten sparen, Haushalte konsolidieren, investieren und Schulden abbauen. Die Realit\u00e4t sieht anders aus: In den letzten 45 Jahren sind die Saatschulden Deutschlands auf 2.048 Milliarden Euro gestiegen. Um die Schulden in 45 Jahren wieder abgetragen, w\u00fcrde das einen j\u00e4hrlichen Kapitalbedarf von 44 Milliarden Euro bedeuten. <\/p>\n<p>Zu den 44 Mrd. Euro Tilgung kommen folgende Posten: Ein Investitionsstau von rund 320 Mrd. Im sozialen Wohnungsbau fehlen 200 bis 300 Mrd. Euro. Die Kosten f\u00fcr Migranten schlagen mindestens mit 10 Mrd. Euro pro Jahr zu Buche. Die Kapitalmarktzinsen k\u00f6nnen um ein Prozent steigen. Die Bundeswehr ist deshalb in einem maroden Zustand, weil sie der B\u00fcndnistreue zur NATO nicht gerecht wird. Es wird von 2004 bis 2030 nur ein Prozent des BIP an die NATO gezahlt, nicht 2 Prozent, wodurch man rund 700 Mrd. Euro zulasten anderer Partner spart.<\/p>\n<p>Im \u00d6ffentlichen Dienst und Verwaltung, sind nach Experten rund 150.000 Stellen nicht besetzt. Darunter leiden Bildung und Ausbildung. In Deutschland k\u00f6nnen 7,5 Mio. Mensch nicht richtig lesen und schreiben &#8211; plus 1,5Mio. Analphabeten. Insgesamt ergibt sich ein j\u00e4hrlicher zus\u00e4tzlicher Kapitalbedarf von mindestens 160 Milliarden Euro. <\/p>\n<p>Deutschland hat ein eklatantes Einnahmen-Problem. Darunter leiden alle Bereiche. 13 Mio. Armen verweigert man eine Anpassung der niedrigen Bez\u00fcge an die Armutsgrenze von netto 979 Euro.  14,5 Mio. Besch\u00e4ftigte erhalten Stundenl\u00f6hne von unter 5, 6, 7, 8 und 8,50 Euro. 4 Mio. Rentner mit Bruttorenten unter 500 Euro und 5.45 Mio. mit Bruttorenten unter 700 Euro. Die Bemessungsgrenze der Renten wurde gesetzlich bis 2040 auf 43 Prozent gesenkt. Nur um die schwarze Null zu erreichen.<\/p>\n<p>Um gegenzusteuern, fehlen der Regierung  Mut, Wille und Kraft, sich der Macht der Lobbys zu entziehen. Diese stehen f\u00fcr Privatverm\u00f6gen von \u00fcber 12.000 Mrd. Euro und einem Umsatz von 5.850 Mr. Darauf zahlen sie keinen Cent Verm\u00f6gen- und Umsatzsteuern. Mit ihrer Macht dr\u00fccken sie auf politische Entscheidung &#8211; zu ihren Gunsten. Das ist sozial verwerflich.<\/p>\n<p>Dem stemmt sich ausgerechnet ein soziales Netzwerk, Agenda 2011-2012, entgegen. Im Mai 2010 wurde der \u00d6ffentlichkeit ein Sanierungskonzept zur Diskussion angeboten, das f\u00fcr ausgeglichene Haushalte und R\u00fcckf\u00fchrung der Staatsschulden steht. User haben die Berichte dazu \u00fcber 10 Millionen Mal statistisch aufgerufen, gelesen und runtergeladen.<\/p>\n<p>Dieter Neumann<\/p>\n<p>Agenda 2011-2012<br \/>\nAgenda News<br \/>\nUnion f\u00fcr Soziale Sicherheit<br \/>\nDieter Neumann<br \/>\nWintershall Allee 7<br \/>\n31275 Lehrte<br \/>\nInfo@agenda2011-2012.de<br \/>\nhttp:\/\/www.agenda2011-2012.de<\/p>\n<p>Im Mai 2010 wurde das soziale Netzwerk Agenda 2011-2012, eine Initiative von B\u00fcrgern f\u00fcr B\u00fcrger, gegr\u00fcndet. Im Mittelpunkt steht das zentrale Thema einer Staatssanierung. Der \u00d6ffentlichkeit wird  ein Sanierungskonzept mit einem j\u00e4hrlichen Finanzrahmen von 275 Milliarden Euro zur Diskussion angeboten, das f\u00fcr ausgeglichene Haushalte und R\u00fcckf\u00fchrung der Staatsschulden steht. <\/p>\n<p>Das Gr\u00fcndungsprotokoll ist als Sachbuch erschienen. Ziel aller Aktivit\u00e4ten ist es, eine angemessene Beteiligung aller Gesellschaftsschichten an den Kosten des Staates zu erreichen. Dazu wird ein Konsens mit B\u00fcrgern, Politikern, Sozialnetzen, Kirchen, Gewerkschaften, Unternehmern und Verm\u00f6genden gesucht. Nur gemeinsam werden wir die globale Krise \u00fcberwinden und soziale Gerechtigkeit erlangen.<\/p>\n","protected":false},"excerpt":{"rendered":"<p>(Agenda 2011-2012) Kein Geringerer als Jean Claude Junker, dienst \u00e4ltester Regierungschef eines EU-Landes und Pr\u00e4sident der Europakommission, sagt: \u201eWir befinden uns mitten in der Krise, weitere werden folgen.\u201c Es sollte hei\u00dfen, wir befinden uns in der Schuldenkrise und weitere Krisen &hellip; <a href=\"http:\/\/www.agenda-news.de\/?p=2317\">Weiterlesen <span class=\"meta-nav\">&rarr;<\/span><\/a><\/p>\n","protected":false},"author":2,"featured_media":0,"comment_status":"closed","ping_status":"open","sticky":false,"template":"","format":"standard","meta":{"footnotes":""},"categories":[1],"tags":[1377,1361,94,1397,5,242,879,341,112,68],"class_list":["post-2317","post","type-post","status-publish","format-standard","hentry","category-allgemein","tag-erzkonservative","tag-globale-krise","tag-migranten","tag-nato","tag-sanierungskonzept","tag-schuldenkrise","tag-schwarze-null","tag-staatsausgaben","tag-staatseinnahmen","tag-zinsen"],"_links":{"self":[{"href":"http:\/\/www.agenda-news.de\/index.php?rest_route=\/wp\/v2\/posts\/2317","targetHints":{"allow":["GET"]}}],"collection":[{"href":"http:\/\/www.agenda-news.de\/index.php?rest_route=\/wp\/v2\/posts"}],"about":[{"href":"http:\/\/www.agenda-news.de\/index.php?rest_route=\/wp\/v2\/types\/post"}],"author":[{"embeddable":true,"href":"http:\/\/www.agenda-news.de\/index.php?rest_route=\/wp\/v2\/users\/2"}],"replies":[{"embeddable":true,"href":"http:\/\/www.agenda-news.de\/index.php?rest_route=%2Fwp%2Fv2%2Fcomments&post=2317"}],"version-history":[{"count":6,"href":"http:\/\/www.agenda-news.de\/index.php?rest_route=\/wp\/v2\/posts\/2317\/revisions"}],"predecessor-version":[{"id":2326,"href":"http:\/\/www.agenda-news.de\/index.php?rest_route=\/wp\/v2\/posts\/2317\/revisions\/2326"}],"wp:attachment":[{"href":"http:\/\/www.agenda-news.de\/index.php?rest_route=%2Fwp%2Fv2%2Fmedia&parent=2317"}],"wp:term":[{"taxonomy":"category","embeddable":true,"href":"http:\/\/www.agenda-news.de\/index.php?rest_route=%2Fwp%2Fv2%2Fcategories&post=2317"},{"taxonomy":"post_tag","embeddable":true,"href":"http:\/\/www.agenda-news.de\/index.php?rest_route=%2Fwp%2Fv2%2Ftags&post=2317"}],"curies":[{"name":"wp","href":"https:\/\/api.w.org\/{rel}","templated":true}]}}