{"id":2347,"date":"2016-04-11T08:05:46","date_gmt":"2016-04-11T06:05:46","guid":{"rendered":"http:\/\/www.agenda-news.de\/?p=2347"},"modified":"2016-04-11T08:05:46","modified_gmt":"2016-04-11T06:05:46","slug":"agenda-2011-2012-ein-neues-europa-nach-deutsch-franzosischem-vorbild","status":"publish","type":"post","link":"http:\/\/www.agenda-news.de\/?p=2347","title":{"rendered":"Agenda 2011-2012: Ein neues Europa nach deutsch-franz\u00f6sischem Vorbild"},"content":{"rendered":"<p><a href=\"http:\/\/www.agenda-news.de\/wp-content\/uploads\/2016\/04\/Buch-1-21x21-mm.jpg\"><img loading=\"lazy\" decoding=\"async\" src=\"http:\/\/www.agenda-news.de\/wp-content\/uploads\/2016\/04\/Buch-1-21x21-mm.jpg\" alt=\"Verkaufspreis 8,99 Euro\" width=\"196\" height=\"196\" class=\"alignleft size-full wp-image-2348\" srcset=\"http:\/\/www.agenda-news.de\/wp-content\/uploads\/2016\/04\/Buch-1-21x21-mm.jpg 196w, http:\/\/www.agenda-news.de\/wp-content\/uploads\/2016\/04\/Buch-1-21x21-mm-150x150.jpg 150w\" sizes=\"auto, (max-width: 196px) 100vw, 196px\" \/><\/a>(Lehrte, 11.04.2016)  Um die aktuellen Probleme der Eurozone zu verstehen, ist ein Blick hinter die Kulissen hilfreich. Viele werden ungl\u00e4ubig die Stirn runzeln, wenn sie erfahren, dass Europa die st\u00e4rkste Wirtschaftsmacht der Welt ist &#8211;  knapp vor den USA. Europa hat ein  Schulden-, Image-, F\u00fchrungs-, Wirtschafts- und Vertrauensproblem. Das Bruttoinlandsprodukt (BIP) der 28 EU-Staaten lag 2014 bei rund 13.931 Mrd. Euro. Danach waren in den letzten 25 Jahren die Staatsausgaben um 13.931 Mrd. Euro h\u00f6her als die Staatseinnahmen.<\/p>\n<p>Die Schulden der 28 L\u00e4nder lagen 2014 bei 12.094 Mrd. Euro. Nach dem Maastricht Referenzwert (60 % vom BIP) betr\u00e4gt die Schuldenobergrenze 7.256 Mrd. Euro, was eine \u00dcberschuldung von 4.750 Mrd. Euro bedeutet. Das ist die globale Schuldenkrise. Die Staaten m\u00fcssten in den n\u00e4chsten 25 Jahren pro Jahr 190 Mrd. Euro tilgen, um die \u00dcberschuldung abzubauen. Die EZB m\u00fcsste in dieser Zeit die 2.300 Mrd. frische Euro, die sie zur Beruhigung der M\u00e4rkte und Ankauf von Anleihen verteilt hat, aus dem Markt nehmen, was ratenweise 92 Mrd. Euro pro Jahr kosten w\u00fcrde. <\/p>\n<p>Der Haushalt der EU lag 2013 bei  rund 132 Mrd. Euro, davon flossen 57,8 Mrd. Euro in den Agrarsektor und in rund  80 % in Gro\u00dfbetriebe. Kleine und mittlere b\u00e4uerliche Betriebe werden stark vernachl\u00e4ssigt. 47,8 Mrd. Euro entfielen auf Unionsb\u00fcrgschaften usw., 6,3 Mrd. wurden f\u00fcr Au\u00dfenpolitik und 4,8 Mrd. Euro f\u00fcr die Verwaltung ausgegeben. Rezession, steigende Schulden, hohe Arbeitslosigkeit, Armut, Fl\u00fcchtlinge, Migrationskosten und Migrations\u00e4ngste werden die Risiken f\u00fcr Europa erh\u00f6hen.<\/p>\n<p>Staats- und Regierungschefs der EU haben keine Vorschl\u00e4ge, wie sie die globale Krise \u00fcberwinden k\u00f6nnten. Aus diesem Verst\u00e4ndnis haben sie die Geldschleusen zum Nullzinssatz ge\u00f6ffnet und Spargelder von den Konten getrieben. Darunter leiden Einlage- und Kreditzinsen, wichtige Standbeine von Banken, Volksbanken und Sparkassen. \u201eHelikoptergeld\u201c ist im Gespr\u00e4ch. Die ersten Banken geben aus Angst vor einer Immobilienblase keine Darlehen mehr aus.<\/p>\n<p>Warum in die Ferne schweifen, wenn Europa doch so nah ist? Man sollte sich einmal vorstellen, ein Europa nach deutschem und  franz\u00f6sischem Muster zu schaffen. Deutschland w\u00fcrde Europa hei\u00dfen, autonome Bundesl\u00e4nder friedlich und in Freundschaft vereint. Eine einheitliche Wirtschafts-, Finanz-, Banken-, Steuer-, Sozial-, Verteidigungspolitik und eine Transferunion, in der reiche Bundesl\u00e4nder arme L\u00e4nder unterst\u00fctzen.  <\/p>\n<p>Die einzelnen Staaten w\u00fcrden nicht ins Kreuzfeuer ausl\u00e4ndischer Konflikte geraten, sondern das vereinte starke Europa.  Einheitliche MwSt.-S\u00e4tze, Migrations-, Steuer- und Sozialgesetze und einheitliche Gesetze zur Bek\u00e4mpfung aller Arten von Kriminalit\u00e4t. Starke Gewerkschaften, Kirchen und Sozialverb\u00e4nde. F\u00fcr Unternehmen ein gro\u00dfer mobiler Arbeitsmarkt, der Zugriff auf mobile und qualifizierte Besch\u00e4ftigte und Synergieeffekte nutzen. <\/p>\n<p>Aufgrund der vielen ungel\u00f6sten Probleme und Spannungen zwischen den Mitgliedern leben die B\u00fcrger \u201egef\u00fchlt\u201c in einem Zwergstaat oder einer Bananenrepublik. Das Trauma der Schuldenkrise wird Staats- und Regierungschefs, \u00d6konomen und Wirtschaftswissenschaftler noch lange begleiten. An dem Sanierungskonzept, das Agenda 2011-2012 bereits im Mai 2010 der \u00d6ffentlichkeit zur Diskussion angeboten hat, es steht f\u00fcr ausgeglichene Haushalte und R\u00fcckf\u00fchrung der Staatsschulden, werden sie nicht vorbeikommen. <\/p>\n<p>Agenda 2011-2012 steht f\u00fcr eine angemessene Beteiligung aller Gesellschaftsschichten an den Kosten des Staates. Das komplexe Sachbuch \u201eProtokoll einer Staatssanierung \u2013 Wege aus der Krise\u201c ist ab sofort im Buchhandel, Internet oder \u00fcber Agenda 2011-2012 lieferbar.<\/p>\n<p>Dieter Neumann<\/p>\n<p>Agenda 2011-2012<br \/>\nAgenda News,<br \/>\nUnion f\u00fcr Soziale Sicherheit<br \/>\nDieter Neumann<br \/>\nWintershall Allee 7<br \/>\n31275 Lehrte<br \/>\nInfo@agenda2011-2012.de<br \/>\nhttp:\/\/www.agenda2011-2012.de<\/p>\n<p>Im Mai 2010 wurde das soziale Netzwerk Agenda 2011-2012, eine Initiative von B\u00fcrgern f\u00fcr B\u00fcrger, gegr\u00fcndet. Im Mittelpunkt steht das zentrale Thema einer Staatssanierung. Der \u00d6ffentlichkeit wird  ein Sanierungskonzept mit einem j\u00e4hrlichen Finanzrahmen von 275 Milliarden Euro zur Diskussion angeboten, das f\u00fcr ausgeglichene Haushalte und R\u00fcckf\u00fchrung der Staatsschulden steht. <\/p>\n<p>Das Gr\u00fcndungsprotokoll ist als Sachbuch erschienen. Ziel aller Aktivit\u00e4ten ist es, eine angemessene Beteiligung aller Gesellschaftsschichten an den Kosten des Staates zu erreichen. Dazu wird ein Konsens mit B\u00fcrgern, Politikern, Sozialnetzen, Kirchen, Gewerkschaften, Unternehmern und Verm\u00f6genden gesucht. Nur gemeinsam werden wir die globale Krise \u00fcberwinden und soziale Gerechtigkeit erlangen.<\/p>\n","protected":false},"excerpt":{"rendered":"<p>(Lehrte, 11.04.2016) Um die aktuellen Probleme der Eurozone zu verstehen, ist ein Blick hinter die Kulissen hilfreich. Viele werden ungl\u00e4ubig die Stirn runzeln, wenn sie erfahren, dass Europa die st\u00e4rkste Wirtschaftsmacht der Welt ist &#8211; knapp vor den USA. Europa &hellip; <a href=\"http:\/\/www.agenda-news.de\/?p=2347\">Weiterlesen <span class=\"meta-nav\">&rarr;<\/span><\/a><\/p>\n","protected":false},"author":2,"featured_media":0,"comment_status":"closed","ping_status":"open","sticky":false,"template":"","format":"standard","meta":{"footnotes":""},"categories":[1],"tags":[214,482,137,94,1037,5,85,1031,1426,315],"class_list":["post-2347","post","type-post","status-publish","format-standard","hentry","category-allgemein","tag-armut","tag-bruttoinlandsprodukt","tag-europa","tag-migranten","tag-probleme","tag-sanierungskonzept","tag-schulden","tag-staatsuberschuldung","tag-vorbild","tag-wirtschaftsmacht"],"_links":{"self":[{"href":"http:\/\/www.agenda-news.de\/index.php?rest_route=\/wp\/v2\/posts\/2347","targetHints":{"allow":["GET"]}}],"collection":[{"href":"http:\/\/www.agenda-news.de\/index.php?rest_route=\/wp\/v2\/posts"}],"about":[{"href":"http:\/\/www.agenda-news.de\/index.php?rest_route=\/wp\/v2\/types\/post"}],"author":[{"embeddable":true,"href":"http:\/\/www.agenda-news.de\/index.php?rest_route=\/wp\/v2\/users\/2"}],"replies":[{"embeddable":true,"href":"http:\/\/www.agenda-news.de\/index.php?rest_route=%2Fwp%2Fv2%2Fcomments&post=2347"}],"version-history":[{"count":2,"href":"http:\/\/www.agenda-news.de\/index.php?rest_route=\/wp\/v2\/posts\/2347\/revisions"}],"predecessor-version":[{"id":2350,"href":"http:\/\/www.agenda-news.de\/index.php?rest_route=\/wp\/v2\/posts\/2347\/revisions\/2350"}],"wp:attachment":[{"href":"http:\/\/www.agenda-news.de\/index.php?rest_route=%2Fwp%2Fv2%2Fmedia&parent=2347"}],"wp:term":[{"taxonomy":"category","embeddable":true,"href":"http:\/\/www.agenda-news.de\/index.php?rest_route=%2Fwp%2Fv2%2Fcategories&post=2347"},{"taxonomy":"post_tag","embeddable":true,"href":"http:\/\/www.agenda-news.de\/index.php?rest_route=%2Fwp%2Fv2%2Ftags&post=2347"}],"curies":[{"name":"wp","href":"https:\/\/api.w.org\/{rel}","templated":true}]}}