{"id":2400,"date":"2016-05-02T08:40:57","date_gmt":"2016-05-02T06:40:57","guid":{"rendered":"http:\/\/www.agenda-news.de\/?p=2400"},"modified":"2016-05-02T08:40:57","modified_gmt":"2016-05-02T06:40:57","slug":"die-rentenluge-mindestlohn-und-armutsluge","status":"publish","type":"post","link":"http:\/\/www.agenda-news.de\/?p=2400","title":{"rendered":"Die Rentenl\u00fcge, Mindestlohn- und Armutsl\u00fcge"},"content":{"rendered":"<p><a href=\"http:\/\/www.agenda-news.de\/wp-content\/uploads\/2016\/03\/Bibliothek-471.jpg\"><img loading=\"lazy\" decoding=\"async\" src=\"http:\/\/www.agenda-news.de\/wp-content\/uploads\/2016\/03\/Bibliothek-471.jpg\" alt=\"Bild: Agenda2011-2012\" width=\"169\" height=\"114\" class=\"alignleft size-full wp-image-2288\" \/><\/a>(Union f\u00fcr Soziale Gerechtigkeit)   Es gibt Zeitgenossen, die glauben, dass alle Arbeitnehmerinnen und Arbeitnehmer den Mindestlohn von 8,50 Euro erhalten. Politiker, Unternehmer und Medien verheimlichen, dass 14 Mio. Besch\u00e4ftigte mit Tarifl\u00f6hnen von brutto unter 5, 6. 7, 8, und 8,50 Euro den gesetzlichen Mindestlohn nicht erhalten, weil sie tariflich an diesen L\u00f6hnen gebunden sind. Rund 4 Mio. Besch\u00e4ftigte erhalten den Mindestlohn, weil es bisher f\u00fcr sie keine tarifliche Regelung gab.<\/p>\n<p>Deutschland ist wegen der Niedrig- und Dumpingl\u00f6hne, Minijobs und Werkvertr\u00e4ge das Niedriglohnland Nummer eins in Europa. Nach Experten reicht der Mindestlohn nicht f\u00fcr Rente oberhalb der Grundsicherung. Nach einer, der dpa vorliegenden Meldung, m\u00fcsste der Mindestlohn eigentlich bei 11,68 Euro liegen. Diese Entwicklung hat dazu beigetragen, dass 4 Mio. Rentner Bruttorenten von unter 500 Euro und 5,45 Mio. Rentner Bruttorenten unter 700 Euro erhalten. Das ist Altersarmut mit Garantie.<\/p>\n<p>F\u00fcr Besch\u00e4ftigte, die bis 2040 in Rente gehen, hat Gerhard Schr\u00f6der mit seinen Koalitionspartnern, die Bemessungsgrenze von Renten auf 43 Prozent gesetzlich gesenkt. Demnach werden alle Renten  nach und nach besteuert und Freibetr\u00e4ge gestrichen. \u201e Wohl kaum ein Pension\u00e4r kann noch behaupten nicht gut genug versorgt, zu sein. Bekommt dieser doch rund 550.000 Euro Rente ausgezahlt, ohne jedoch einen Euro daf\u00fcr eingezahlt zu haben. Im Gegensatz dazu erh\u00e4lt der Rentner zwar auch rund 333.000 Euro Rente, muss daf\u00fcr jedoch auch rund 200.000 Euro an Beitr\u00e4gen einzahlen (Quelle Wikipedia).\u201c Ihre Rendite 130.000 Euro!<\/p>\n<p>Politiker werden das Rentenproblem nur l\u00f6sen, wenn Besch\u00e4ftigte und Arbeitgeber wieder zu einer parit\u00e4tischen Finanzierung der Renten und einer Anhebung der Bemessungsgrenze auf \u00fcber 50 Prozent kommen. Die christlich-sozialen, christlich-demokratischen, sozialistischen und liberalen Parteien haben zugelassen, dass seit 45 Jahren die Staatsausgaben um 2.050 Mrd. Euro h\u00f6her sind als die Staatseinnahmen. Die Schulden haben rund 768 Mrd. Euro Zinsen gekostet. <\/p>\n<p>Helmut Kohl hat 1991 die B\u00f6rsenumsatzsteuer abgeschafft und 1997 die Verm\u00f6gensteuer ausgesetzt. Dadurch haben Kohl, Schr\u00f6der und Merkel auf Steuereinnahmen  von rund 750 Mrd. Euro verzichtet. Unter der Regie von Kohl wurde seit 1993 die Lohn-\/Einkommensteuer stufenweise von 53 % auf 42 Prozent gesenkt. Damit haben die folgenden Koalitionen weitere Steuerverluste von rund 400 Milliarden Euro billigend in Kauf genommen. Sie haben den Staat kaputtgespart, auch die Renten.<\/p>\n<p>Dadurch ist in der Staatskasse ein Vakuum von rund 3.200 Mrd. Euro entstanden. Das ist politischer, konservativer Wille \u00e0 la Donald Trump!  Sie wollen keine Steuererh\u00f6hungen f\u00fcr sich, keine Steuersenkungen f\u00fcr Besch\u00e4ftigte, keine Gewerkschaften, keine Mindestl\u00f6hne und nicht in Sozialsysteme investieren. Das ist die Schuldenkrise. Politiker l\u00fcgen nicht, sie sagen manchmal nur nicht die Wahrheit.  Sie verweigern 14 Millionen Armen, darunter 2,5 Mio. arme Kinder, die Anpassung der niedrigen Bez\u00fcge an die Armutsgrenze von 979 Euro. Das ist sozial verwerflich. Wie gesagt, sie sagen manchmal nur nicht die Wahrheit.  <\/p>\n<p>Agenda 2011-2012 stemmt sich gegen diese Entwicklung. Bereits m Mai 2010 hat das soziale Netzwerk der \u00d6ffentlichkeit ein Sanierungskonzept angeboten, das f\u00fcr ausgeglichene Haushalte und R\u00fcckf\u00fchrung der Staatsschulden steht. Die Krise wird nur dann \u00fcberstanden, wenn sich alle Gesellschaftsschichten angemessen an den Staatskosten beteiligen. Wer zweifelt, sollte sich die Lekt\u00fcre des Sachbuches \u201eProtokoll einer Staatssanierung \u2013 Wege aus der Krise\u201c nicht entgehen lassen. Vorne ist da, wo wir sind \u2013 Agenda 2011-2012.<\/p>\n<p>Dieter Neumann<\/p>\n<p>Agenda 2011-2012<br \/>\nAgenda News<br \/>\nUnion f\u00fcr Soziale Sicherheit<br \/>\nDieter Neumann<br \/>\nWintershall Allee 7<br \/>\n31275 Lehrte<br \/>\nInfo@agenda2011-2012.de<br \/>\nhttp:\/\/www.agenda2011-2012.de<\/p>\n","protected":false},"excerpt":{"rendered":"<p>(Union f\u00fcr Soziale Gerechtigkeit) Es gibt Zeitgenossen, die glauben, dass alle Arbeitnehmerinnen und Arbeitnehmer den Mindestlohn von 8,50 Euro erhalten. Politiker, Unternehmer und Medien verheimlichen, dass 14 Mio. Besch\u00e4ftigte mit Tarifl\u00f6hnen von brutto unter 5, 6. 7, 8, und 8,50 &hellip; <a href=\"http:\/\/www.agenda-news.de\/?p=2400\">Weiterlesen <span class=\"meta-nav\">&rarr;<\/span><\/a><\/p>\n","protected":false},"author":2,"featured_media":0,"comment_status":"closed","ping_status":"open","sticky":false,"template":"","format":"standard","meta":{"footnotes":""},"categories":[1],"tags":[850,214,1458,1446,1456,1459,156,1457,5],"class_list":["post-2400","post","type-post","status-publish","format-standard","hentry","category-allgemein","tag-altersarmut","tag-armut","tag-armutsluge","tag-bemessungsgrenze","tag-mindestlohnluge","tag-niedriglohn-niedrigrenten","tag-pensionen","tag-rentenluge","tag-sanierungskonzept"],"_links":{"self":[{"href":"http:\/\/www.agenda-news.de\/index.php?rest_route=\/wp\/v2\/posts\/2400","targetHints":{"allow":["GET"]}}],"collection":[{"href":"http:\/\/www.agenda-news.de\/index.php?rest_route=\/wp\/v2\/posts"}],"about":[{"href":"http:\/\/www.agenda-news.de\/index.php?rest_route=\/wp\/v2\/types\/post"}],"author":[{"embeddable":true,"href":"http:\/\/www.agenda-news.de\/index.php?rest_route=\/wp\/v2\/users\/2"}],"replies":[{"embeddable":true,"href":"http:\/\/www.agenda-news.de\/index.php?rest_route=%2Fwp%2Fv2%2Fcomments&post=2400"}],"version-history":[{"count":1,"href":"http:\/\/www.agenda-news.de\/index.php?rest_route=\/wp\/v2\/posts\/2400\/revisions"}],"predecessor-version":[{"id":2401,"href":"http:\/\/www.agenda-news.de\/index.php?rest_route=\/wp\/v2\/posts\/2400\/revisions\/2401"}],"wp:attachment":[{"href":"http:\/\/www.agenda-news.de\/index.php?rest_route=%2Fwp%2Fv2%2Fmedia&parent=2400"}],"wp:term":[{"taxonomy":"category","embeddable":true,"href":"http:\/\/www.agenda-news.de\/index.php?rest_route=%2Fwp%2Fv2%2Fcategories&post=2400"},{"taxonomy":"post_tag","embeddable":true,"href":"http:\/\/www.agenda-news.de\/index.php?rest_route=%2Fwp%2Fv2%2Ftags&post=2400"}],"curies":[{"name":"wp","href":"https:\/\/api.w.org\/{rel}","templated":true}]}}