{"id":2427,"date":"2016-05-26T07:17:09","date_gmt":"2016-05-26T05:17:09","guid":{"rendered":"http:\/\/www.agenda-news.de\/?p=2427"},"modified":"2016-05-26T07:17:09","modified_gmt":"2016-05-26T05:17:09","slug":"agenda-2011-2012-schuldenkrise-billionen-vergeudet","status":"publish","type":"post","link":"http:\/\/www.agenda-news.de\/?p=2427","title":{"rendered":"Agenda 2011 \u2013 2012:  Schuldenkrise &#8211; Billionen vergeudet"},"content":{"rendered":"<p><div id=\"attachment_2348\" style=\"width: 206px\" class=\"wp-caption alignleft\"><a href=\"http:\/\/www.agenda-news.de\/wp-content\/uploads\/2016\/04\/Buch-1-21x21-mm.jpg\"><img loading=\"lazy\" decoding=\"async\" aria-describedby=\"caption-attachment-2348\" src=\"http:\/\/www.agenda-news.de\/wp-content\/uploads\/2016\/04\/Buch-1-21x21-mm.jpg\" alt=\"Verkaufspreis 8,99 Euro\" width=\"196\" height=\"196\" class=\"size-full wp-image-2348\" srcset=\"http:\/\/www.agenda-news.de\/wp-content\/uploads\/2016\/04\/Buch-1-21x21-mm.jpg 196w, http:\/\/www.agenda-news.de\/wp-content\/uploads\/2016\/04\/Buch-1-21x21-mm-150x150.jpg 150w\" sizes=\"auto, (max-width: 196px) 100vw, 196px\" \/><\/a><p id=\"caption-attachment-2348\" class=\"wp-caption-text\">Bild: Agenda 2011-2012<\/p><\/div>(Lehrte, 26.05.2016)  Es sind Vision\u00e4re, die teilweise jahrelang forschen, um dann Patente f\u00fcr \u201eStrom aus Wasser und Luft\u201c oder \u201eStrom f\u00fcr E-Autos aus der Hinterachse\u201c vorzustellen. Zu diesen Spezis geh\u00f6rt auch Dieter Neumann, Autor, freier Journalist, Mitglied im \u201eDeutschen Verband der Zeitungsjournalisten\u201c, der Wege aus der Krise gesucht und gefunden hat. Im Mai 2010 wurde der \u00d6ffentlichkeit ein Sanierungskonzept zur Diskussion angeboten, das f\u00fcr ausgeglichene Haushalte und R\u00fcckf\u00fchrung der Staatsschulden steht. Das Ziel ist, eine angemessene Beteiligung aller Gesellschaftsschichten an den Kosten des Staates.<\/p>\n<p>Am Anfang stand die Frage: \u201eWas ist die Ursache der Schuldenkrise?\u201c Welche Rolle spielen Kapitalismus und Konservatismus? Eine umfassende Analyse der Statistiken des Statistischen Bundesamtes, der Europ\u00e4ischen Union, von Statista, in Verbindung mit Wikipedia, nationalen und internationalen Nachrichten, brachte Transparenz und die Antwort. In den letzten 45 Jahren sind die Staatsausgaben um 1.280 Mrd. Euro h\u00f6her als die Staatseinnahmen, was 768 Mrd. Euro Zinsen gekostet hat. Das sind Staatsschulden von 2.048 Mrd. Euro. <\/p>\n<p>Wolfgang Sch\u00e4uble geht davon aus, dass in den n\u00e4chsten 4 Jahren 42 Mrd. Euro mehr Steuern in die Staatskasse flie\u00dfen als geplant. \u201eWie gewonnen so zerronnen\u201c, kann man nur sagen, wenn man die horrenden Einnahmeverluste der letzten 45 Jahre betrachtet. In dieser Zeit wurden 25 Steuerarten abgeschafft \u2013 die Einnahmen daraus. In Verbindung mit der Abschaffung der B\u00f6rsenumsatzsteuer, Aussetzung der Verm\u00f6gensteuer und Reduzierung der Lohnsteuer und Einkommensteuer von 53 auf 42 Prozent haben Kohl, Schr\u00f6der und Merkel auf Steuereinnahmen von rund 1.150 Mrd. Euro verzichtet.<\/p>\n<p>Das ist ein Kapitalbedarf von rund 3.200 Mrd. Euro. Es ist die hausgemachte Schuldenkrise, auf die Politiker und ihrer Berater, Wirtschaftswissenschaftler, \u00d6konomen, Experten und Wirtschaftsweise keine Antworten haben. 3,2 Billionen Euro weniger Einnahmen, eine unglaubliche Geschichte. Angela Merkel macht keinen Hehl daraus, dass sie zuk\u00fcnftig eine unternehmerfreundliche Politik favorisiert. Unterprivilegierte geh\u00f6ren nicht dazu.<\/p>\n<p>Reiche und Lobbyisten lehnen sich bequem zur\u00fcck, mit dieser Politik \u2013 zu ihrern Gunsten &#8211; k\u00f6nnen sie gut leben. Ihre Religion ist das Kapital, die Altare die B\u00f6rsen. Das ist Ihr Glaube, Macht und Reichtum, der sich f\u00fcr ein Prozent der Menschheit erf\u00fcllt hat. Sie besitzen 99 Prozent des Weltverm\u00f6gens, ihre Diener den Rest. Sie wurden zu keinem Zeitpunkt, von keiner Regierung aufgefordert sich angemessen an den Kosten des Staates zu beteiligen. Die christlichen, sozialistischen und liberalen Parteien bleiben bei der Strategie, dass daf\u00fcr die besch\u00e4ftigten Steuerzahler in Anspruch genommen werden.<\/p>\n<p>Politiker wollten sparen, Haushalte konsolidieren, Strukturreformen und Schulden abbauen. Nichts davon haben sie seit 1970 realisiert. Stattdessen verwalten sie Staatsschulden von 2.050 Euro und Einnahmeverluste von 1.150 Mrd. Euro, w\u00e4hrend eine Minderheit auf Privatverm\u00f6gen von \u00fcber 12 Billionen  Euro keinen Cent Verm\u00f6gensteuer zahlt. Unternehmen zahlen auf einen Umsatz von fast 6 Billionen Euro keinen Euro Umsatzsteuer. Das ist die gro\u00dfe soziale Ungerechtigkeit dieser Zeit.<\/p>\n<p>Politik, \u00d6konomen und Unternehmerverb\u00e4nde verheimlichen, dass bis 2040 rund 18 Millionen Jobs verloren gehen. Die letzten Koalitionsregierungen haben die seit Jahren geforderten gro\u00dfen Reformen und gro\u00dfen Investitionen auf die lange Bank geschoben. Mit ihren innenpolitischen, hausgemachten und ungel\u00f6sten Problemen und Aufgaben werden sie nicht fertig, wollen aber au\u00dfenpolitisch die gro\u00dfen Problemen und Aufgaben l\u00f6sen. Nun denn &#8211; viel Erfolg!<\/p>\n<p>Das soziale Netzwerk Agenda 2011-2012 stemmt sich gegen diese Entwicklung. Es gibt komplexe Antworten auf die gro\u00dfen Probleme und Aufgaben und wie sie finanziert werden k\u00f6nnen. Agenda 2011-2012 gibt in ihrem Sachbuch \u201eProtokoll einer Staatsanierung \u2013 Wege aus der Krise\u201c, hinterlegt in der Staatsbibliothek Berlin, komplexe Antworten, wie die Krise zu \u00fcberwinden ist. Das Buch ist ab sofort im Buchhandel, bei Amazon und Agenda 2011-2012 erh\u00e4ltlich.<\/p>\n<p>Dieter Neumann<\/p>\n<p>Agenda 2011-2012<br \/>\nAgenda News<br \/>\nUnion f\u00fcr Soziale Sicherheit<br \/>\nDieter Neumann<br \/>\nWintershall Allee 7<br \/>\n31275 Lehrte &#8211; Telefon 5132-52919<br \/>\nInfo@agenda2011-2012.de<br \/>\nhttp:\/\/www.agenda2011-2012.de<\/p>\n","protected":false},"excerpt":{"rendered":"<p>(Lehrte, 26.05.2016) Es sind Vision\u00e4re, die teilweise jahrelang forschen, um dann Patente f\u00fcr \u201eStrom aus Wasser und Luft\u201c oder \u201eStrom f\u00fcr E-Autos aus der Hinterachse\u201c vorzustellen. Zu diesen Spezis geh\u00f6rt auch Dieter Neumann, Autor, freier Journalist, Mitglied im \u201eDeutschen Verband &hellip; <a href=\"http:\/\/www.agenda-news.de\/?p=2427\">Weiterlesen <span class=\"meta-nav\">&rarr;<\/span><\/a><\/p>\n","protected":false},"author":2,"featured_media":0,"comment_status":"closed","ping_status":"open","sticky":false,"template":"","format":"standard","meta":{"footnotes":""},"categories":[1],"tags":[214,1087,1249,5,1010,344,20,1031,284,57],"class_list":["post-2427","post","type-post","status-publish","format-standard","hentry","category-allgemein","tag-armut","tag-haushalte-konsolidieren","tag-investieren","tag-sanierungskonzept","tag-schulden-abbauen","tag-soziale-gerechtigkeit","tag-sparen","tag-staatsuberschuldung","tag-vergeudung","tag-vermogen"],"_links":{"self":[{"href":"http:\/\/www.agenda-news.de\/index.php?rest_route=\/wp\/v2\/posts\/2427","targetHints":{"allow":["GET"]}}],"collection":[{"href":"http:\/\/www.agenda-news.de\/index.php?rest_route=\/wp\/v2\/posts"}],"about":[{"href":"http:\/\/www.agenda-news.de\/index.php?rest_route=\/wp\/v2\/types\/post"}],"author":[{"embeddable":true,"href":"http:\/\/www.agenda-news.de\/index.php?rest_route=\/wp\/v2\/users\/2"}],"replies":[{"embeddable":true,"href":"http:\/\/www.agenda-news.de\/index.php?rest_route=%2Fwp%2Fv2%2Fcomments&post=2427"}],"version-history":[{"count":2,"href":"http:\/\/www.agenda-news.de\/index.php?rest_route=\/wp\/v2\/posts\/2427\/revisions"}],"predecessor-version":[{"id":2429,"href":"http:\/\/www.agenda-news.de\/index.php?rest_route=\/wp\/v2\/posts\/2427\/revisions\/2429"}],"wp:attachment":[{"href":"http:\/\/www.agenda-news.de\/index.php?rest_route=%2Fwp%2Fv2%2Fmedia&parent=2427"}],"wp:term":[{"taxonomy":"category","embeddable":true,"href":"http:\/\/www.agenda-news.de\/index.php?rest_route=%2Fwp%2Fv2%2Fcategories&post=2427"},{"taxonomy":"post_tag","embeddable":true,"href":"http:\/\/www.agenda-news.de\/index.php?rest_route=%2Fwp%2Fv2%2Ftags&post=2427"}],"curies":[{"name":"wp","href":"https:\/\/api.w.org\/{rel}","templated":true}]}}