{"id":2446,"date":"2016-06-08T10:32:54","date_gmt":"2016-06-08T08:32:54","guid":{"rendered":"http:\/\/www.agenda-news.de\/?p=2446"},"modified":"2016-06-08T10:32:54","modified_gmt":"2016-06-08T08:32:54","slug":"agenda-2011-2012-pkk-von-terrorliste-streichen","status":"publish","type":"post","link":"http:\/\/www.agenda-news.de\/?p=2446","title":{"rendered":"Agenda 2011-2012 &#8211; PKK von Terrorliste streichen"},"content":{"rendered":"<p><a href=\"http:\/\/www.agenda-news.de\/wp-content\/uploads\/2016\/05\/ufss_18.05.2016.jpg\"><img loading=\"lazy\" decoding=\"async\" src=\"http:\/\/www.agenda-news.de\/wp-content\/uploads\/2016\/05\/ufss_18.05.2016-300x106.jpg\" alt=\"Bild: Agenda 2011-2012\" width=\"300\" height=\"106\" class=\"alignleft size-medium wp-image-2421\" srcset=\"http:\/\/www.agenda-news.de\/wp-content\/uploads\/2016\/05\/ufss_18.05.2016-300x106.jpg 300w, http:\/\/www.agenda-news.de\/wp-content\/uploads\/2016\/05\/ufss_18.05.2016.jpg 325w\" sizes=\"auto, (max-width: 300px) 100vw, 300px\" \/><\/a>Gemessen an den m\u00f6rderischen Konflikten durch IS-Terror, rechtfertigt das Verhalten der T\u00fcrkei nicht, dass die PKK als Terrororganisation international ge\u00e4chtet wird. Erdogan wird der Welt noch viele R\u00e4tsel aufgeben. Europa ist die gr\u00f6\u00dfte Volkswirtschaft der Welt und wird nicht alles stillschweigend hinnehmen. Agenda 2011-2012 stimmt daf\u00fcr, Kurden von der g\u00fcltigen Terrorliste zu streichen.<\/p>\n<p>In Nordirland dienen die Begriffe \u201ekatholisch\u201c und \u201eprotestantisch\u201c als Unterscheidungsmerkmal zweier gesellschaftlicher Gruppen, die gegens\u00e4tzliche soziale, politische, wirtschaftliche und schlie\u00dflich auch religi\u00f6se Geisteshaltungen pflegen. Die Jahre von 1969 bis 1998 waren dadurch gepr\u00e4gt, dass sich Protestanten im reichen Norden und Katholiken im armen S\u00fcden bek\u00e4mpften. Hass, b\u00fcrgerkriegs\u00e4hnliche Zust\u00e4nde und Terror, in deren Folge rund 3.500 Menschen starben, waren die Folge.  Wer mag die Iren als Terroristen bezeichnen?<\/p>\n<p>Schwerwiegender ist der Konflikt zwischen Israel und den pal\u00e4stinensischen Autonomiegebieten Gazastreifen und 40 Prozent der Fl\u00e4che des Westjordanlandes. Israel besitzt eine der besten Armeen der Welt, die Wasserrechte und eine umstrittene Siedlungspolitik. Von einer Waffengleichheit mit der pal\u00e4stinensischen Autonomiebeh\u00f6rde kann keine Rede sein. Terroristische \u00dcbergriffe\/Vergeltung der Pal\u00e4stinenser auf zivile Ziele, darunter auch Selbstmordanschl\u00e4ge, beantwortet die israelische Armee regelm\u00e4\u00dfig mit verschiedenen milit\u00e4rischen Gegenschl\u00e4gen, oder umgekehrt. <\/p>\n<p>Der Konflikt zwischen T\u00fcrken und Kurden ist frei nach Wikipedia \u201e der Konflikt der PKK und Republik T\u00fcrkei, ein politischer und milit\u00e4rischer Konflikt, der seit 1984 von bewaffneten Auseinandersetzungen zwischen der kurdischen Untergrundorganisation PKK, den dagegen operierenden t\u00fcrkischen Streitkr\u00e4ften und paramilit\u00e4rischen Einheiten dominiert wird.\u201c Der Konflikt findet in der T\u00fcrkei und im Nordirak statt. <\/p>\n<p>Im Gegensatz zu Nordirland und Gaza\/Israel f\u00fchren T\u00fcrken und Kurden in der T\u00fcrkei eine friedliche Koexistenz. So verhalten sich beide Volksgruppen auch in Deutschland und anderen L\u00e4ndern. Erdogan legt gro\u00dfen Wert darauf, dass sich die Staaten der EU nicht in die inneren Angelegenheiten der T\u00fcrkei einmischen. Die einschneidenden Ma\u00dfnahmen Erdogans, Verfolgung und Bestrafung von Andersdenkenden, nehmen bedenkliche Formen an. Agenda 2011-2012 stimmt daf\u00fcr, dass die freie Welt, Freunde von T\u00fcrken und Kurden die PKK von der aktuellen Terrorliste streichen.<\/p>\n<p>Ma\u00dflos ist unter diesen Umst\u00e4nden die Forderung Erdogans auf Visafreiheit. So lange die T\u00fcrkei nicht die Voraussetzung f\u00fcr einen EU-Beitritt erf\u00fcllt (Menschenrechte\/Pressefreiheit usw.), sollte das kein Thema sein. Erdogan ist im Volk beliebt, die Menschen stimmen ihm unter Jubel zu \u2013 das war bei Hitler auch so.<\/p>\n<p>Donald Trump will eine Mauer l\u00e4ngsseits der mexikanischen Grenze ziehen und 11 Millionen Mexikaner ausweisen. Die EU kam ihm mit dem Zaunbau entlang der europ\u00e4ischen Ostgrenze zuvor. Grenzbefestigungen und R\u00fcckhaltung von Migranten sind nicht die L\u00f6sung. Die westlichen Staats- und Regierungschefs haben keine Antwort auf die Schuldenkrise und auch nicht auf Millionen Migranten, die nach Europa streben.<\/p>\n<p>Sie haben nicht verhindert, dass sich die Partnerl\u00e4nder in Rezession, hoher Arbeitslosigkeit und steigender Armut befinden. Sie haben nichts unternommen, dass alle Gesellschaftsschichten angemessen an den Kosten des Staates beteiligt werden. Bis 2040 gehen in Deutschland 18 Millionen Jobs verloren. Diese Krankheit ist ansteckend und wird alle Partnerl\u00e4nder erreichen. Dar\u00fcber wird der Mantel des Schweigens gebreitet. Und die Presse: Nichts sehen, h\u00f6ren und sagen. <\/p>\n<p>Agenda 2011-2012 ist die einzige Bewegung, die sich gegen diese Entwicklung stemmt. Sie hat der \u00d6ffentlichkeit im Mai 2010 ein Sanierungskonzept zur Diskussion angeboten, das f\u00fcr ausgeglichene Haushalte und R\u00fcckf\u00fchrung der Staatsschulden steht. Sie hat nicht nur ein einmaliges Sanierungsprogramm, sondern auch Antworten auf die vielen kleinen und gro\u00dfen Probleme und Aufgaben der Republik. <\/p>\n<p>Dieter Neumann<\/p>\n<p>Agenda 2011 \u2013 2012, Ahltener Stra\u00dfe 25, 31275 Lehrte, Telefon 05132-52919, info@agenda2011-2012.de, www.agenda2011-2012.de<\/p>\n<p>Im Mai 2010 wurde das soziale Netzwerk Agenda 2011-2012, eine Initiative von B\u00fcrgern f\u00fcr B\u00fcrger, gegr\u00fcndet. Im Mittelpunkt steht das zentrale Thema einer Staatssanierung. Der \u00d6ffentlichkeit wird  ein Sanierungskonzept mit einem j\u00e4hrlichen Finanzrahmen von 275 Milliarden Euro zur Diskussion angeboten, das f\u00fcr ausgeglichene Haushalte und R\u00fcckf\u00fchrung der Staatsschulden steht. <\/p>\n<p>Das Ziel von Agenda 2011-2012 ist, eine angemessene Beteiligung aller Gesellschaftsschichten an den Kosten des Staates zu erreichen. Komplexe Vorschl\u00e4ge zur L\u00f6sung der Krise vermittelt das Sachbuch \u201eProtokoll einer Staatssanierung \u2013 Wege aus der Krise\u201c, das ab sofort im Buchhandel, bei Amazon oder Agenda 2011-2012 erh\u00e4ltlich ist. Zukunft ist da, wo wir sind, bei B\u00fcrgern und Gleichgesinnten. <\/p>\n","protected":false},"excerpt":{"rendered":"<p>Gemessen an den m\u00f6rderischen Konflikten durch IS-Terror, rechtfertigt das Verhalten der T\u00fcrkei nicht, dass die PKK als Terrororganisation international ge\u00e4chtet wird. Erdogan wird der Welt noch viele R\u00e4tsel aufgeben. Europa ist die gr\u00f6\u00dfte Volkswirtschaft der Welt und wird nicht alles &hellip; <a href=\"http:\/\/www.agenda-news.de\/?p=2446\">Weiterlesen <span class=\"meta-nav\">&rarr;<\/span><\/a><\/p>\n","protected":false},"author":2,"featured_media":0,"comment_status":"closed","ping_status":"open","sticky":false,"template":"","format":"standard","meta":{"footnotes":""},"categories":[1],"tags":[214,1012,1491,94,1490,1488,347,5,1489,1492],"class_list":["post-2446","post","type-post","status-publish","format-standard","hentry","category-allgemein","tag-armut","tag-is-terror","tag-israelgaza","tag-migranten","tag-nordirland","tag-pkk","tag-reformen","tag-sanierungskonzept","tag-terrorliste","tag-turkenkurden"],"_links":{"self":[{"href":"http:\/\/www.agenda-news.de\/index.php?rest_route=\/wp\/v2\/posts\/2446","targetHints":{"allow":["GET"]}}],"collection":[{"href":"http:\/\/www.agenda-news.de\/index.php?rest_route=\/wp\/v2\/posts"}],"about":[{"href":"http:\/\/www.agenda-news.de\/index.php?rest_route=\/wp\/v2\/types\/post"}],"author":[{"embeddable":true,"href":"http:\/\/www.agenda-news.de\/index.php?rest_route=\/wp\/v2\/users\/2"}],"replies":[{"embeddable":true,"href":"http:\/\/www.agenda-news.de\/index.php?rest_route=%2Fwp%2Fv2%2Fcomments&post=2446"}],"version-history":[{"count":1,"href":"http:\/\/www.agenda-news.de\/index.php?rest_route=\/wp\/v2\/posts\/2446\/revisions"}],"predecessor-version":[{"id":2447,"href":"http:\/\/www.agenda-news.de\/index.php?rest_route=\/wp\/v2\/posts\/2446\/revisions\/2447"}],"wp:attachment":[{"href":"http:\/\/www.agenda-news.de\/index.php?rest_route=%2Fwp%2Fv2%2Fmedia&parent=2446"}],"wp:term":[{"taxonomy":"category","embeddable":true,"href":"http:\/\/www.agenda-news.de\/index.php?rest_route=%2Fwp%2Fv2%2Fcategories&post=2446"},{"taxonomy":"post_tag","embeddable":true,"href":"http:\/\/www.agenda-news.de\/index.php?rest_route=%2Fwp%2Fv2%2Ftags&post=2446"}],"curies":[{"name":"wp","href":"https:\/\/api.w.org\/{rel}","templated":true}]}}