{"id":2449,"date":"2016-06-10T07:52:04","date_gmt":"2016-06-10T05:52:04","guid":{"rendered":"http:\/\/www.agenda-news.de\/?p=2449"},"modified":"2016-06-10T07:52:04","modified_gmt":"2016-06-10T05:52:04","slug":"deutschland-bald-25-millionen-arme-und-20-millionen-arbeitslose","status":"publish","type":"post","link":"http:\/\/www.agenda-news.de\/?p=2449","title":{"rendered":"Deutschland &#8211; Bald 25 Millionen Arme und 20 Millionen Arbeitslose"},"content":{"rendered":"<p><a href=\"http:\/\/www.agenda-news.de\/wp-content\/uploads\/2016\/04\/36_agenda-Welt-B.jpg\"><img loading=\"lazy\" decoding=\"async\" src=\"http:\/\/www.agenda-news.de\/wp-content\/uploads\/2016\/04\/36_agenda-Welt-B.jpg\" alt=\"Bild: Agenda 2011-2012\" width=\"186\" height=\"186\" class=\"alignleft size-full wp-image-2383\" srcset=\"http:\/\/www.agenda-news.de\/wp-content\/uploads\/2016\/04\/36_agenda-Welt-B.jpg 186w, http:\/\/www.agenda-news.de\/wp-content\/uploads\/2016\/04\/36_agenda-Welt-B-150x150.jpg 150w\" sizes=\"auto, (max-width: 186px) 100vw, 186px\" \/><\/a>(Lehrte, 10.06.2016) Bisher gingen Politiker, Wirtschaftswissenschaftler, \u00d6konomen und Experten davon aus, dass bis 2040 rund 15 Millionen qualifizierte Besch\u00e4ftigte aus dem Ausland im deutschen Arbeitsmarkt fehlen. Und nun der Super-GAU. Es fehlen nicht 15 Mio. Besch\u00e4ftigte, sondern es gehen rund 20 Millionen Jobs verloren.<\/p>\n<p>K\u00fcnstliche Intelligenz, Rationalisierung, Computer, Roboter, Rationalisierung und Verlegung\/Schaffung von Arbeitspl\u00e4tzen ins Ausland sind die Wegweiser. In nationalen und internationalen Nachrichten wird dieser Trend beschrieben und von Zukunftsforschern, Arbeitgeber (4.0), School of London und Wirtschaftsinstituten wissenschaftlich belegt. Dadurch wird Armut rasant steigen. <\/p>\n<p>In Deutschland leben 13 Mio. B\u00fcrger in Armut und an der Armutsgrenze darunter 2,5 Mio. arme Kinder. Ihnen wird eine Anpassung der niedrigen Bez\u00fcge an die Armutsgrenze von netto 979 Euro verweigert. 2010, ein Jahr nach dem Beginn der Schuldenkrise, wurden 50 Mrd. Euro in sozialen Bereichen gek\u00fcrzt und weitere 20 Mrd. Euro in der Haushaltplanung der Jahre 2015 bis 2020. 14 Mio. Besch\u00e4ftigten wird der Mindestlohn verweigert, weil sie an tariflichen Stundenl\u00f6hnen von brutto unter 5, 6, 7, 8 und 8,50 Euro gebunden sind. <\/p>\n<p>Politik, Arbeitgeber und Gewerkschaften haben nicht verhindert, dass Deutschland zum Niedriglohn- und Niedrigrentenland Nummer 1 in Europa abgestiegen ist. Wie konnte es dazu kommen? Seit 1970, in den letzten 11 Legislaturperioden, waren die Staatsausgaben um 1.280 Mrd. Euro h\u00f6her als die Staatseinnahmen. Das hat 768 Mrd. Euro Zinsen gekostet und zu Staatsschulden von 2.048 Mrd. Euro gef\u00fchrt. Im gleichen Zeitraum wurden 25 Steuerarten abgeschafft \u2013 die Einnahmen daraus.<\/p>\n<p>1991 hat Helmut Kohl die B\u00f6rsenumsatzsteuer ersatzlos gestrichen, 1993 die Lohnsteuer und Einkommensteuer von 53 stufenweise auf 42 Prozent gesenkt und 1991 die Verm\u00f6gensteuer ausgesetzt. Dadurch haben Kohl, Schr\u00f6der und Merkel auf Steuereinnahmen von \u00fcber 1.150 Mrd. Euro verzichtet. Dieser Einnahmeverlust und der Schuldendruck f\u00fchrten dazu, dass sich Deutschland kaputtgespart hat. Im \u00f6ffentlichen Dienst und Verwaltungen wurden 150.000 Stellen eingespart. In den n\u00e4chsten 2 Jahren gehen 200.000 Beamte in den Ruhestand, diese Stellen m\u00fcssen vorrangig in der gleichen Zeit neu besetzt werden.<\/p>\n<p>Au\u00dferdem hat sich in den L\u00e4ndern und Gemeinden ein Investitionsstau von rund 320 Mrd. Euro aufgebaut. Die Bundesregierung verwaltet 2.048 Mrd. Euro Schulden und hat gener\u00f6s auf Steuereinnahmen von 1.150 Mrd. Euro verzichtet. Eine Minderheit besitzt in Deutschland Privatverm\u00f6gen von \u00fcber 12 Billionen Euro und zahlt darauf keinen Cent Verm\u00f6gensteuer. Unternehmen stehen f\u00fcr einen Umsatz von fast 6 Bio. Euro und zahlen darauf keinen Euro Umsatzsteuer. Mit Ihrer Macht dr\u00fccken Reiche und Unternehmen auf die Politik \u2013 zu ihren Gunsten.<\/p>\n<p>Die Politik hat die Z\u00fcgel aus der Hand gegeben. Sie hat sich vom Verursacherprinzip getrennt. Die EU und ihre Staaten haben Billionen in die Erforschung und den Ausbau der Atomindustrie gesteckt. Die Kosten f\u00fcr den Abbau von Atommeilern und die Beseitigung von Atomm\u00fcll werden Steuerzahler belasten. Unternehmer und Verm\u00f6gende nutzen alle Arten von Vorteilsnahmen. Banken, Autoindustrie, Unternehmen, Fonds, Steuerbetrug in unvorstellbarem Ausma\u00df, Geldw\u00e4sche, organisierte Kriminalit\u00e4t, Menschenhandel, Korruption ist an der Tagesordnung.<\/p>\n<p>Es sind keine Anzeichen vorhanden, die auf eine L\u00f6sung der Schuldenkrise hinweisen. Geschweige denn wie die vielen kleinen und gro\u00dfen Probleme, deren L\u00f6sung viel Geld kostet, in den n\u00e4chsten 6 Legislaturperioden gel\u00f6st werden k\u00f6nnten. Angela Merkel und Joachim Gauck haben in ihren Weihnachts- und Neujahrsansprachen 2015 und 2016 keine Worte f\u00fcr Arme und Unterprivilegierte \u00fcbrig gehabt. Das zeigt den Stellenwert von sozialer Gerechtigkeit in Deutschland.<\/p>\n<p>Mit welchen Programmen wollen Politiker, die die Zeichen der Zeit nicht erkannt haben, W\u00e4hler 2017 an die Wahlurnen locken? Echte  Alternativen bietet das soziale Netzwerk Agenda 2011-2012 mit seinem Sozialprogramm des 21. Jahrhunderts an. Bereits im Mai 2010 wurde der \u00d6ffentlichkeit ein Sanierungsprogramm zur Diskussion angeboten, das f\u00fcr ausgeglichene Haushalte und R\u00fcckf\u00fchrung der Staatsschulden steht.<\/p>\n<p>In \u00fcber 450 Berichten unterbreitet Agenda 2011-2012 L\u00f6sungsvorschl\u00e4ge f\u00fcr viele Probleme der Republik an. User haben die Berichte \u00fcber 12 Mio. Mal statistisch aufgerufen, gelesen und runtergeladen. In seinem neuen Buch \u201eProtokoll einer Staatssanierung \u2013 Wege aus der Krise\u201c bietet Dieter Neumann eine komplexe L\u00f6sung der Schuldenkrise an. Sein Credo: \u201cNur mit einer angemessenen Beteiligung aller Gesellschaftsschichten an den Kosten des Staates werden wir die Krise \u00fcberwinden.\u201c<\/p>\n<p>Dieter Neumann<\/p>\n<p>Agenda 2011-2012<br \/>\nAgenda News<br \/>\nUnion f\u00fcr Soziale Sicherheit<br \/>\nDieter Neumann<br \/>\nAhltener Stra\u00dfe 25<br \/>\n31275 Lehrte<br \/>\nInfo@agenda2011-2012.de<br \/>\nhttp:\/\/www.agenda2011-2012.de<\/p>\n<p>Im Mai 2010 wurde das soziale Netzwerk Agenda 2011-2012, eine Initiative von B\u00fcrgern f\u00fcr B\u00fcrger, gegr\u00fcndet. Im Mittelpunkt steht das zentrale Thema einer Staatssanierung. Der \u00d6ffentlichkeit wird  ein Sanierungskonzept mit einem j\u00e4hrlichen Finanzrahmen von 275 Milliarden Euro zur Diskussion angeboten, das f\u00fcr ausgeglichene Haushalte und R\u00fcckf\u00fchrung der Staatsschulden steht. <\/p>\n<p>Das Ziel von Agenda 2011-2012 ist, eine angemessene Beteiligung aller Gesellschaftsschichten an den Kosten des Staates zu erreichen. Komplexe Vorschl\u00e4ge zur L\u00f6sung der Krise vermittelt das Sachbuch \u201eProtokoll einer Staatssanierung \u2013 Wege aus der Krise\u201c, das ab sofort im Buchhandel, bei Amazon oder Agenda 2011-2012 erh\u00e4ltlich ist. Zukunft ist da, wo wir sind, bei B\u00fcrgern und Gleichgesinnten. <\/p>\n","protected":false},"excerpt":{"rendered":"<p>(Lehrte, 10.06.2016) Bisher gingen Politiker, Wirtschaftswissenschaftler, \u00d6konomen und Experten davon aus, dass bis 2040 rund 15 Millionen qualifizierte Besch\u00e4ftigte aus dem Ausland im deutschen Arbeitsmarkt fehlen. Und nun der Super-GAU. Es fehlen nicht 15 Mio. Besch\u00e4ftigte, sondern es gehen rund &hellip; <a href=\"http:\/\/www.agenda-news.de\/?p=2449\">Weiterlesen <span class=\"meta-nav\">&rarr;<\/span><\/a><\/p>\n","protected":false},"author":2,"featured_media":0,"comment_status":"closed","ping_status":"open","sticky":false,"template":"","format":"standard","meta":{"footnotes":""},"categories":[1],"tags":[195,349,283,154,212,1493,1297,5,242],"class_list":["post-2449","post","type-post","status-publish","format-standard","hentry","category-allgemein","tag-arbeitslose","tag-arme","tag-armutsgrenze","tag-beschaftigte","tag-mindestlohn","tag-mindestlohn-niedriglohnland","tag-niedrigrentenland","tag-sanierungskonzept","tag-schuldenkrise"],"_links":{"self":[{"href":"http:\/\/www.agenda-news.de\/index.php?rest_route=\/wp\/v2\/posts\/2449","targetHints":{"allow":["GET"]}}],"collection":[{"href":"http:\/\/www.agenda-news.de\/index.php?rest_route=\/wp\/v2\/posts"}],"about":[{"href":"http:\/\/www.agenda-news.de\/index.php?rest_route=\/wp\/v2\/types\/post"}],"author":[{"embeddable":true,"href":"http:\/\/www.agenda-news.de\/index.php?rest_route=\/wp\/v2\/users\/2"}],"replies":[{"embeddable":true,"href":"http:\/\/www.agenda-news.de\/index.php?rest_route=%2Fwp%2Fv2%2Fcomments&post=2449"}],"version-history":[{"count":1,"href":"http:\/\/www.agenda-news.de\/index.php?rest_route=\/wp\/v2\/posts\/2449\/revisions"}],"predecessor-version":[{"id":2450,"href":"http:\/\/www.agenda-news.de\/index.php?rest_route=\/wp\/v2\/posts\/2449\/revisions\/2450"}],"wp:attachment":[{"href":"http:\/\/www.agenda-news.de\/index.php?rest_route=%2Fwp%2Fv2%2Fmedia&parent=2449"}],"wp:term":[{"taxonomy":"category","embeddable":true,"href":"http:\/\/www.agenda-news.de\/index.php?rest_route=%2Fwp%2Fv2%2Fcategories&post=2449"},{"taxonomy":"post_tag","embeddable":true,"href":"http:\/\/www.agenda-news.de\/index.php?rest_route=%2Fwp%2Fv2%2Ftags&post=2449"}],"curies":[{"name":"wp","href":"https:\/\/api.w.org\/{rel}","templated":true}]}}