{"id":2520,"date":"2016-07-15T07:29:46","date_gmt":"2016-07-15T05:29:46","guid":{"rendered":"http:\/\/www.agenda-news.de\/?p=2520"},"modified":"2016-07-15T07:33:57","modified_gmt":"2016-07-15T05:33:57","slug":"premierministerin-theresa-may-steht-fur-soziale-gerechtigkeit","status":"publish","type":"post","link":"http:\/\/www.agenda-news.de\/?p=2520","title":{"rendered":"Premierministerin Theresa May steht f\u00fcr soziale Gerechtigkeit"},"content":{"rendered":"<p><div id=\"attachment_2469\" style=\"width: 181px\" class=\"wp-caption alignleft\"><a href=\"http:\/\/www.agenda-news.de\/wp-content\/uploads\/2016\/06\/Agenda-2011-2012-Nr.-231.jpg\"><img loading=\"lazy\" decoding=\"async\" aria-describedby=\"caption-attachment-2469\" src=\"http:\/\/www.agenda-news.de\/wp-content\/uploads\/2016\/06\/Agenda-2011-2012-Nr.-231.jpg\" alt=\"\" width=\"171\" height=\"171\" class=\"size-full wp-image-2469\" srcset=\"http:\/\/www.agenda-news.de\/wp-content\/uploads\/2016\/06\/Agenda-2011-2012-Nr.-231.jpg 171w, http:\/\/www.agenda-news.de\/wp-content\/uploads\/2016\/06\/Agenda-2011-2012-Nr.-231-150x150.jpg 150w\" sizes=\"auto, (max-width: 171px) 100vw, 171px\" \/><\/a><p id=\"caption-attachment-2469\" class=\"wp-caption-text\">Bild: Agenda 2011-2012<\/p><\/div>(15.07.2016) Wann hat es das je gegeben, dass Staats-und Regierungschef soziale  Gerechtigkeit in den Mittelpunkt einer Regierungserkl\u00e4rung gestellt haben? Sie alle wollten sparen, Haushalte konsolidieren, Schulden abbauen und investieren. Die Wirklichkeit sieht anders aus: Die USA, Japan und Europa haben in den letzten 45 Jahren rund 38 Billionen Euro mehr ausgegeben, als sie eingenommen haben. Rezession, Arbeitslosigkeit und Armut bestimmen den Alltag der Menschen.<\/p>\n<p>Kanadas Premierminister Justin Trudeau erlangte einen erdrutschartigen Wahlsieg, indem er versprach, Verm\u00f6gende st\u00e4rker an den Kosten Kanadas zu beteiligen. Eine Sprache, die jeder B\u00fcrger und W\u00e4hler versteht. Bei Theresa May ist es \u00e4hnlich. Sie ist zwar durch den Brexit an die Macht gekommen, l\u00e4sst aber keinen Zweifel daran, dass sie soziale Gerechtigkeit als Grundlage einer gesellschaftlichen Neuordnung in Gro\u00dfbritannien sieht. Ihr Bekenntnis dazu wird weit in die n\u00e4chsten Jahrzehnte ragen.<\/p>\n<p>Es ist der Weg, alle Gesellschaftsschichten angemessen an den Kosten des Staates zu beteiligen. Und das  in einer Zeit, in der die Kluft zwischen Gegnern und Bef\u00fcrwortern eines starken Europas immer tiefer wurde. Es ist die Chance den Graben zwischen Armen und Reichen, Staatsausgaben und Staatseinnahmen, Recht und Wirklichkeit zu \u00fcberwinden. Mit dieser Forderung stellt sie sich international gegen m\u00e4chtige konservative Gegner.<\/p>\n<p>Deshalb reagiert Angela Merkel k\u00fchl auf die j\u00fcngsten Nachrichten aus dem Reich der Abtr\u00fcnnigen. Keine W\u00fcrdigung, kein Wort der Erleichterung, dass nun eine ausgewiesene Pragmatikerin die Verhandlungen mit den verbleibenden 27 Mitgliedsstaaten f\u00fchren wird. Die Regierungen Europas sind in den letzten Jahren immer unternehmerfreundlicher geworden. Reiche und Unternehmer dr\u00fccken mit Beraterunternehmen immer mehr auf politische Entscheidungen \u2013 zu ihren Gunsten.<\/p>\n<p>Die Durchf\u00fchrung der Pl\u00e4ne wird, wie auch immer sie lauten m\u00f6gen, auf erheblichen Wiederstand dieser Gruppierungen sto\u00dfen. Sie wollen, wie ihre Leitfigur Donald Trump, keine Steuererh\u00f6hungen f\u00fcr sich, keine Steuersenkungen f\u00fcr Besch\u00e4ftigte, Niedrigrenten, Niedrigl\u00f6hnen, nicht in Sozialsysteme investieren, Ausl\u00e4nder ausweisen (11 Millionen Mexikaner ausweisen und eine Mauer zwischen Mexiko und Kanada errichten), keine Homo-Ehen und Macht aus\u00fcben.<\/p>\n<p>W\u00e4hrend die Opposition sich in ihrem Streben nach sozialer Gerechtigkeit best\u00e4tigt sieht, werden CDU\/CSU\/FDP und ein Teil der konservativen SPD-Anh\u00e4nger Theresa May nicht folgen. Sie haben nur ein Problem, das den W\u00e4hlern bis 2017 zu verkaufen. Deutsche Regierungen haben zugelassen, dass seit 1970 die Staatsausgaben um 2.048 Mrd. Euro h\u00f6her sind als die Staatseinnahmen. Helmut Kohl hat 1991 die B\u00f6rsenumsatzsteuer ersatzlos gestrichen, 1993 den Weg f\u00fcr eine stufenweise Reduzierung der Lohnsteuer von 53 auf 42 Prozent geebnet und 1997 die Verm\u00f6gensteuer ausgesetzt. Dadurch haben Kohl, Schr\u00f6der und Merkel auf Steuereinnahmen von rund 1.150 Mr. Euro verzichtet.<\/p>\n<p>Sie haben 13 Millionen Arme nicht verhindert. Sie haben bewirkt, dass sich Deutschland zum Niedriglohn- und Niedrigrentenland Nummer 1 in Europa entwickelt hat. 13 Millionen Besch\u00e4ftigte mit Tarifl\u00f6hnen von unter brutto 5, 6, 7, 8, und 8,50 Euro wird der gesetzliche Mindestlohn von 8,50 Euro verweigert. 4 Mio. Rentner erhalten Bruttorenten von unter 500 Euro und 5,45 Mio. Bruttorenten unter 700 Euro. Armen und unterprivilegierten B\u00fcrgern wird die Anpassung ihrer niedrigen Bez\u00fcge an die Armutsgrenze von netto 979 Euro verweigert. Und das in der gr\u00f6\u00dften und reichsten Volkswirtschaft der EU.<\/p>\n<p>Bis 2040 geht in Deutschland nach Experten, Forschungsinstituten, Arbeit (4.0) und Unternehmen jeder 2. Job verloren. Dazu schweigt die Politik, w\u00e4hrend Agenda 2011-2012 L\u00f6sungsvorschl\u00e4ge anbietet. Gegen diese negative globale Entwicklung stemmt sich Agenda 2011-2012, eine Initiative von B\u00fcrgern f\u00fcr B\u00fcrger. Bereits im Mai 2010 wurde der \u00d6ffentlichkeit ein Sanierungskonzept angeboten, das mit einem aktuellen Finanzrahmen von \u00fcber 275 Mrd. Euro f\u00fcr ausgeglichene Haushalte und R\u00fcckf\u00fchrung der Staatsschulden steht.<\/p>\n<p>User k\u00f6nnen Agenda 2011-2012 unterst\u00fctzen, indem sie sich dem \u201eFreundeskreis Lehrte\u201c anschlie\u00dfen. Daf\u00fcr wird einmalig ein Sponsorenbetrag von 20 Euro f\u00e4llig. Darin enthalten ist das Buch \u201eProtokoll einer Staatssanierung \u2013 Wege aus der Krise\u201c und kostenlose Newsletter.<\/p>\n<p>Dieter Neumann<\/p>\n<p>Agenda 2011-2012<br \/>\nAgenda News<br \/>\nUnion f\u00fcr Soziale Sicherheit<br \/>\nDieter Neumann<br \/>\nAhlterner Stra\u00dfe 25<br \/>\n31275 Lehrte<br \/>\nInfo@agenda2011-2012.de                                                         http:\/\/www.agenda2011-2012.de<\/p>\n","protected":false},"excerpt":{"rendered":"<p>(15.07.2016) Wann hat es das je gegeben, dass Staats-und Regierungschef soziale Gerechtigkeit in den Mittelpunkt einer Regierungserkl\u00e4rung gestellt haben? Sie alle wollten sparen, Haushalte konsolidieren, Schulden abbauen und investieren. Die Wirklichkeit sieht anders aus: Die USA, Japan und Europa haben &hellip; <a href=\"http:\/\/www.agenda-news.de\/?p=2520\">Weiterlesen <span class=\"meta-nav\">&rarr;<\/span><\/a><\/p>\n","protected":false},"author":2,"featured_media":0,"comment_status":"closed","ping_status":"open","sticky":false,"template":"","format":"standard","meta":{"footnotes":""},"categories":[1],"tags":[100,349,283,1497,1249,675,88,5,344,1031,1113],"class_list":["post-2520","post","type-post","status-publish","format-standard","hentry","category-allgemein","tag-arbeitslosigkeit","tag-arme","tag-armutsgrenze","tag-brexit","tag-investieren","tag-konsens","tag-rezession","tag-sanierungskonzept","tag-soziale-gerechtigkeit","tag-staatsuberschuldung","tag-vermogende"],"_links":{"self":[{"href":"http:\/\/www.agenda-news.de\/index.php?rest_route=\/wp\/v2\/posts\/2520","targetHints":{"allow":["GET"]}}],"collection":[{"href":"http:\/\/www.agenda-news.de\/index.php?rest_route=\/wp\/v2\/posts"}],"about":[{"href":"http:\/\/www.agenda-news.de\/index.php?rest_route=\/wp\/v2\/types\/post"}],"author":[{"embeddable":true,"href":"http:\/\/www.agenda-news.de\/index.php?rest_route=\/wp\/v2\/users\/2"}],"replies":[{"embeddable":true,"href":"http:\/\/www.agenda-news.de\/index.php?rest_route=%2Fwp%2Fv2%2Fcomments&post=2520"}],"version-history":[{"count":4,"href":"http:\/\/www.agenda-news.de\/index.php?rest_route=\/wp\/v2\/posts\/2520\/revisions"}],"predecessor-version":[{"id":2525,"href":"http:\/\/www.agenda-news.de\/index.php?rest_route=\/wp\/v2\/posts\/2520\/revisions\/2525"}],"wp:attachment":[{"href":"http:\/\/www.agenda-news.de\/index.php?rest_route=%2Fwp%2Fv2%2Fmedia&parent=2520"}],"wp:term":[{"taxonomy":"category","embeddable":true,"href":"http:\/\/www.agenda-news.de\/index.php?rest_route=%2Fwp%2Fv2%2Fcategories&post=2520"},{"taxonomy":"post_tag","embeddable":true,"href":"http:\/\/www.agenda-news.de\/index.php?rest_route=%2Fwp%2Fv2%2Ftags&post=2520"}],"curies":[{"name":"wp","href":"https:\/\/api.w.org\/{rel}","templated":true}]}}