{"id":2526,"date":"2016-07-18T08:23:36","date_gmt":"2016-07-18T06:23:36","guid":{"rendered":"http:\/\/www.agenda-news.de\/?p=2526"},"modified":"2016-07-18T08:25:50","modified_gmt":"2016-07-18T06:25:50","slug":"agenda-2011-2012-ein-versprechen-fur-die-zukunft-trudeau-und-may-oder-trump","status":"publish","type":"post","link":"http:\/\/www.agenda-news.de\/?p=2526","title":{"rendered":"Agenda 2011-2012: Ein Versprechen f\u00fcr die Zukunft \u2013 Trudeau und May oder  Trump"},"content":{"rendered":"<p><a href=\"http:\/\/www.agenda-news.de\/wp-content\/uploads\/2016\/07\/ufss_18.05.2016.jpg\"><img loading=\"lazy\" decoding=\"async\" src=\"http:\/\/www.agenda-news.de\/wp-content\/uploads\/2016\/07\/ufss_18.05.2016.jpg\" alt=\"Bild: Agenda 2011-2012\" width=\"191\" height=\"68\" class=\"alignleft size-full wp-image-2527\" \/><\/a>(Lehrte, 18.07.2016) In ihrer ersten Ansprache als Regierungschefin an das britische Volk stellt Theresa May klar: \u201eMeine Regierung\u201c, sagt sie \u201ewird nicht das Interesse der Reichen oder M\u00e4chtigen oder Privilegierten im Auge haben, sondern Eures.&#8220; Sie will Gro\u00dfbritannien in eine neue Zukunft f\u00fchren.<\/p>\n<p>Premierminister Trudeau erlangte in Kanada einen erdrutschartigen Wahlsieg, weil er versprach, die Steuern f\u00fcr Verm\u00f6gende zu  erh\u00f6hen, um mehr in die Infrastruktur zu investieren. Er will Kanada in eine bessere Zukunft f\u00fchren. Donald Trump, Vertreter der Erzkonservativen, will keine soziale Gerechtigkeit. Er will will Reiche, M\u00e4chtige und Privilegierte noch reicher und m\u00e4chtiger machen. Der Graben zwischen Gerechtigkeit und Ungerechtigkeit wird immer tiefer und spaltet die Gesellschaft. B\u00fcrger und Politiker m\u00fcssen entscheiden, welchen Weg sie gehen wollen.<\/p>\n<p>Hinzu kommt, dass die Kl\u00fcfte zwischen Armen und Reichen, Recht und Wirklichkeit und Staatsausgaben und Staatseinnahmen immer tiefer werden. Staats- und Regierungschefs haben aufgrund dieser Diskrepanz und der N\u00e4he zu Lobbys fast keinen Spielraum mehr, soziale Gerechtigkeit herzustellen. Die Regierungen der USA, Japans und der EU (Trio) sind immer unternehmerfreundlicher geworden. Die Einflussnahme von Lobbyisten und Reichen mit Beraterunternehmen wird immer gr\u00f6\u00dfer. Sie dr\u00fccken mit Macht auf politische Entscheidungen &#8211; zu ihren Gunsten.<\/p>\n<p>Das Trio verwaltet rund 38 Billionen Euro Schulden und f\u00f6rdert Reiche und Unternehmen mehr als Arme und Unterprivilegierte. Nach Monitor stiegen im Zeitraum von 1997 bis 2014 die Einkommen von Gesch\u00e4ftsf\u00fchrern um 42 Prozent, die Einkommen von Vorst\u00e4nden um 59 Prozent, die Einkommen der Vorst\u00e4nde von DAX-Unternehmen um 186 Prozent. Im Vergleich dazu stiegen L\u00f6hne und Geh\u00e4lter der Normalverdiener um 15 Prozent (0,9 % pro Jahr). Das Rentenniveau liegt in Deutschland bei 48,5 % und wird stufenweise gesetzlich auf 43 % gesenkt. In den Niederlanden liegt das Rentenniveau bei 101 %, \u00d6sterreich 90 %, Italien 81 %, D\u00e4nemark 77 %, Schweiz und Island ca. 73 %, Griechenland bei 70 % und Belgien bei 62 Prozent. Eine Minderheit besitzt in Deutschland \u00fcber 2 Billionen Euro Privatverm\u00f6gen und zahlt darauf keinen Cent Verm\u00f6gensteuer.   <\/p>\n<p>1991 hat Helmut Kohl die B\u00f6rsenumsatzsteuer ersatzlos gestrichen, 1953 die stufenweise Senkung der Lohnsteuer von 53 auf 42 Prozent auf den Weg gebracht und 1997 die Verm\u00f6gensteuer ausgesetzt. Kohl, Schr\u00f6der und Merkel haben dadurch auf Steuereinnahmen von rund 1.150 Mrd. Euro verzichtet. Angela Merkel nimmt hin, dass Thomas de Maizi\u00e8re von Politikern und der Presse \u00f6ffentlich als L\u00fcgner hingestellt wird. Wer ist eigentlich noch der Wahrheit verpflichtet? Es wird so lange gelogen, bis L\u00fcgen als Wahrheiten gelten. <\/p>\n<p>Was w\u00e4ren die Menschen ohne soziale Netz- und Hilfswerke, Gewerkschaften, Sozialverb\u00e4nde, Fl\u00fcchtlingshilfswerke, Kirchen, Volksentscheiden und den vielen Tausend anderen, die sich f\u00fcr Umweltschutz, Menschenrechte und soziale Gerechtigkeit einsetzen \u2013 sie w\u00e4re \u00e4rmer. Diese Gruppen sind so wertvoll, weil sie sich zur Wahrheit und sozialer Gerechtigkeit bekennen. Was ihnen fehlt, ist ein politisches Mandat, um ihre sozialen Ziele besser umsetzen zu k\u00f6nnen. In diesem Umfeld ist Agenda 2011-2012 sozialpolitisch t\u00e4tig.<\/p>\n<p>Agenda 2011-2012 ist nicht nur ein soziales Netzwerk, das sich f\u00fcr soziale Gerechtigkeit, soziale Sicherheit und politische Bildung einsetzt. Sie ist ein Versprechen f\u00fcr die Zukunft, sich f\u00fcr die Belange der B\u00fcrger einzusetzen. Agenda 2011-2012 ist eine Initiative von B\u00fcrgern f\u00fcr B\u00fcrger und hat das Ziel, eine angemessene Beteiligung aller Gesellschaftsschichten an den Kosten des Staates zu erreichen. Bereits im Mai 2010 wurde der \u00d6ffentlichkeit ein Sanierungsprogramm zur Diskussion angeboten, das mit einem derzeitigen Finanzrahmen von \u00fcber 275 Mrd. Euro f\u00fcr ausgeglichene Haushalte und R\u00fcckf\u00fchrung der Staatsschulden steht.<\/p>\n<p>Agenda 2011-2012 fordert, dass die Armutsgrenze von derzeit netto 979 Euro zwingend umgesetzt wird. Das w\u00e4re die unterste Grenze der Bez\u00fcge von 13 Millionen Armen in Deutschland, f\u00fcr Regelsatzempf\u00e4nger, Arbeitslose, Tariflohnempf\u00e4nger und 9,45 Mio. Rentner mit Bruttorenten unter 500 und 700 Euro. Damit w\u00fcrde allen Gruppen die vom Staat garantierte gleichberechtigte Teilnahme am gesellschaftlichen Leben erm\u00f6glicht. Dazu werden Steuers\u00e4tze von 10 bis 30 Prozent bis zur letzten Tarifzone und dar\u00fcber hinaus gestaffelte Steuers\u00e4tze bis 50 Prozent angestrebt<\/p>\n<p>Agenda 2011-2012 stimmt f\u00fcr eine Neuregelung der Regels\u00e4tze, bei der, unter Einbeziehung von Unternehmen, die Kosten erheblich gesenkt w\u00fcrden. In 460 Berichten werden L\u00f6sungs- und Finanzierungsvorschl\u00e4ge f\u00fcr die vielen kleinen und gro\u00dfen Probleme und Aufgaben angeboten. Bis 2040 wird in Deutschland jeder zweite Arbeitsplatz verloren gehen. Das begr\u00fcndet Agenda 2011-2012 nicht nur, sondern bietet auch dazu L\u00f6sungsvorschl\u00e4ge nebst Finanzierung an.                   <\/p>\n<p>Dieter Neumann<\/p>\n<p>Agenda 2011-2012<br \/>\nAgenda News<br \/>\nUnion f\u00fcr Soziale Sicherheit<br \/>\nDieter Neumann<br \/>\nAhltener Stra\u00dfe 25<br \/>\n31275 Lehrte<br \/>\nInfo@agenda2011-2012.de                                                                                       http:\/\/www.agenda2011-2012.de<\/p>\n","protected":false},"excerpt":{"rendered":"<p>(Lehrte, 18.07.2016) In ihrer ersten Ansprache als Regierungschefin an das britische Volk stellt Theresa May klar: \u201eMeine Regierung\u201c, sagt sie \u201ewird nicht das Interesse der Reichen oder M\u00e4chtigen oder Privilegierten im Auge haben, sondern Eures.&#8220; Sie will Gro\u00dfbritannien in eine &hellip; <a href=\"http:\/\/www.agenda-news.de\/?p=2526\">Weiterlesen <span class=\"meta-nav\">&rarr;<\/span><\/a><\/p>\n","protected":false},"author":2,"featured_media":0,"comment_status":"closed","ping_status":"open","sticky":false,"template":"","format":"standard","meta":{"footnotes":""},"categories":[1],"tags":[214,1510,1511,350,5,85,344,637,1242,1342],"class_list":["post-2526","post","type-post","status-publish","format-standard","hentry","category-allgemein","tag-armut","tag-machtige","tag-privilegierte","tag-reiche","tag-sanierungskonzept","tag-schulden","tag-soziale-gerechtigkeit","tag-steuereinnahmen","tag-vermogensteuer","tag-zukunft"],"_links":{"self":[{"href":"http:\/\/www.agenda-news.de\/index.php?rest_route=\/wp\/v2\/posts\/2526","targetHints":{"allow":["GET"]}}],"collection":[{"href":"http:\/\/www.agenda-news.de\/index.php?rest_route=\/wp\/v2\/posts"}],"about":[{"href":"http:\/\/www.agenda-news.de\/index.php?rest_route=\/wp\/v2\/types\/post"}],"author":[{"embeddable":true,"href":"http:\/\/www.agenda-news.de\/index.php?rest_route=\/wp\/v2\/users\/2"}],"replies":[{"embeddable":true,"href":"http:\/\/www.agenda-news.de\/index.php?rest_route=%2Fwp%2Fv2%2Fcomments&post=2526"}],"version-history":[{"count":3,"href":"http:\/\/www.agenda-news.de\/index.php?rest_route=\/wp\/v2\/posts\/2526\/revisions"}],"predecessor-version":[{"id":2531,"href":"http:\/\/www.agenda-news.de\/index.php?rest_route=\/wp\/v2\/posts\/2526\/revisions\/2531"}],"wp:attachment":[{"href":"http:\/\/www.agenda-news.de\/index.php?rest_route=%2Fwp%2Fv2%2Fmedia&parent=2526"}],"wp:term":[{"taxonomy":"category","embeddable":true,"href":"http:\/\/www.agenda-news.de\/index.php?rest_route=%2Fwp%2Fv2%2Fcategories&post=2526"},{"taxonomy":"post_tag","embeddable":true,"href":"http:\/\/www.agenda-news.de\/index.php?rest_route=%2Fwp%2Fv2%2Ftags&post=2526"}],"curies":[{"name":"wp","href":"https:\/\/api.w.org\/{rel}","templated":true}]}}