{"id":2697,"date":"2016-09-16T09:05:15","date_gmt":"2016-09-16T07:05:15","guid":{"rendered":"http:\/\/www.agenda-news.de\/?p=2697"},"modified":"2016-09-17T07:50:20","modified_gmt":"2016-09-17T05:50:20","slug":"agenda-news-fiasko-altersarmut-rente-unter-40-prozent-und-20-millionen-weniger-jobs","status":"publish","type":"post","link":"http:\/\/www.agenda-news.de\/?p=2697","title":{"rendered":"Fiasko Altersarmut \u2013 Rente unter 40 Prozent und 20 Millionen weniger Jobs"},"content":{"rendered":"<p> <a href=\"http:\/\/www.agenda-news.de\/wp-content\/uploads\/2016\/09\/Agenda-News-Nr.3.jpg\"><img loading=\"lazy\" decoding=\"async\" src=\"http:\/\/www.agenda-news.de\/wp-content\/uploads\/2016\/09\/Agenda-News-Nr.3.jpg\" alt=\"Bild: Agenda 2011-2012\" width=\"156\" height=\"208\" class=\"alignleft size-full wp-image-2707\" \/><\/a>Lehrte, 16.09.2016. Andrea Nahles weist auf eine erschreckende Entwicklung hin, das Rentenniveau rutscht unter 40 Prozent. Sie weist nicht darauf hin, dass die Altersarmut steigt und jeder 2. Job bis 2040 verloren geht. Von 42,6 Mio. Besch\u00e4ftigten haben nur noch 26 Mio. einen festen Job, der niedrigste Stand seit der Wiedervereinigung (minus 4,6 Mio.).<\/p>\n<p>In den Niederlanden erh\u00e4lt jeder Rentner 1.050 Euro Rente, Eheleute je 768 Euro. \u201eDas liegt schlicht und ergreifend daran, dass die Bemessungsgrenze dort bei 101 Prozent liegt. In \u00d6sterreich liegt sie bei 90 Prozent, in Italien 81 Prozent, D\u00e4nemark 77 Prozent, Schweiz und Island ca. 75 Prozent, Griechenland 70 Prozent und Belgien 62 Prozent (Monitor).\u201c Laut einer OECD-Studie erhalten Deutsche als Rentner\/innen eine im Vergleich mit anderen L\u00e4ndern niedrige Rente, arbeiten jedoch l\u00e4nger.<\/p>\n<p>4 Mio. Rentner erhalten Bruttorenten von unter 500 Euro und 5.45 Mio. Bruttorenten unter 700 Euro (fast 50 Prozent). Aus den Daten der Rentenversicherung geht hervor, dass die Zahl der Erwerbsminderungsrentner im vergangenen Jahr mit 174.300 Neuzug\u00e4ngen im Vergleich zum Vorjahr leicht um 2,1 Prozent gestiegen ist. Somit erhalten \u00fcber 8,3 Millionen Rentner brutto 670 Euro Erwerbsminderungsrente. Das liegt daran, dass sich Deutschland zum Niedriglohnland Nummer 1 in der EU entwickelt hat. Dumpingl\u00f6hne, Leiharbeit, Minijobs und Werkvertr\u00e4ge sind f\u00fcr Niedrigrenten verantwortlich. Das ist politischer Wille.<\/p>\n<p>Nahles stellt sachlich fest, dass die Renten von derzeit 47,5 auf unter 40 Prozent sinken werden. Das ist mit Hinblick auf den Rentenstandard in der EU sozial verwerflich. Sie verschweigt, wie Politiker, Wirtschaftswissenschaftler, \u00d6konomen und Experten, dass sich die Gesamtsituation dramatisch, man muss sagen katastrophal verschlechtern wird. Das liegt daran, dass bis 2040 jeder 2. Job in Deutschland verloren geht. Sie ignorieren (noch) entsprechende Hinweise und Studien von Zukunftsforschern, Arbeit (4.0,) Wissenschaftlern und Unternehmen. <\/p>\n<p>Es scheint in Vergessenheit geraten zu sein, dass rund 600.000 Besch\u00e4ftigte ihren Job in der Schuh-, Textil- und Bekleidungsindustrie verloren haben. K\u00fcnstliche Intelligenz, Roboter, Computer, Rationalisierungsma\u00dfnahmen und Billigproduktionen in Entwicklungs- und Schwellenl\u00e4nder beschleunigen diese Entwicklung. Staats-und Regierungschefs haben keine Antworten auf die Schuldenkrise. Sie lenken von den Rentenproblemen ab, dem Thema des 21. Jahrhunderts. <\/p>\n<p>Es wird eine r\u00fcckl\u00e4ufige Rentenentwicklung hingenommen und nicht dar\u00fcber gesprochen, dass 20 Millionen Menschen arbeitslos werden. Deutschland hat 2.150 Mrd. Euro Schulden. Helmut Kohl hat 1991 die B\u00f6rsenumsatzsteuer abgeschafft, 1993 die Senkung der Lohn- und Einkommensteuer von 53 auf 42 Prozent auf den Weg gebracht und 1997 die Verm\u00f6gensteuer ausgesetzt. Kohl, Schr\u00f6der und Merkel haben damit auf Steuereinnahmen von 1.159 Mrd. Euro verzichtet. Mit dem Verzicht und leeren Staatskassen (seit 1970) sind die vielen gro\u00dfen Probleme, Aufgaben und Investitionsstaus nicht mehr finanzierbar.<\/p>\n<p>Agenda 2011-2012 fordert Medien, Politiker, Wissenschaftler und Unternehmer auf, dieses Thema in den Mittelpunkt des \u00f6ffentlichen Interesses zu stellen. Agenda 2011-2012  geht einen Schritt weiter. Bereits im Mai 2010 wurde der \u00d6ffentlichkeit ein Sanierungsprogramm zur Diskussion angeboten, das mit einem aktuellen Finanzrahmen von \u00fcber 275 Mrd. Euro f\u00fcr ausgeglichene Haushalte und R\u00fcckf\u00fchrung der Staatsschulden steht. \u00dcber 1.000 VIPs wurden dar\u00fcber schriftlich informiert. User haben Berichte dazu im Internet \u00fcber 10 Millionen Mal statistisch aufgerufen, gelesen und runtergeladen.<\/p>\n<p>\u201eEs ist unsere Verantwortung, unsere Plattformen zu nutzen, um auf die Probleme aufmerksam zu machen, die die innere Sicherheit bedrohen und den Sozialstaat gef\u00e4hrdet (Agenda 2011-2012.\u201c<\/p>\n<p>Dieter Neumann<\/p>\n<p>Agenda 2011-2012<br \/>\nAgenda News<br \/>\nDieter Neumann<br \/>\nAhltener Stra\u00dfe 25<br \/>\nTelefon 05132-52919<br \/>\n31275 Lehrte<br \/>\nE-Mail: agenda2011-2012@t-online.de<br \/>\nhttp:\/\/www.agenda2011-2012.de<\/p>\n","protected":false},"excerpt":{"rendered":"<p>Lehrte, 16.09.2016. Andrea Nahles weist auf eine erschreckende Entwicklung hin, das Rentenniveau rutscht unter 40 Prozent. Sie weist nicht darauf hin, dass die Altersarmut steigt und jeder 2. Job bis 2040 verloren geht. Von 42,6 Mio. Besch\u00e4ftigten haben nur noch &hellip; <a href=\"http:\/\/www.agenda-news.de\/?p=2697\">Weiterlesen <span class=\"meta-nav\">&rarr;<\/span><\/a><\/p>\n","protected":false},"author":2,"featured_media":0,"comment_status":"closed","ping_status":"open","sticky":false,"template":"","format":"standard","meta":{"footnotes":""},"categories":[1],"tags":[850,100,1446,154,1570,486,453,155,778,25],"class_list":["post-2697","post","type-post","status-publish","format-standard","hentry","category-allgemein","tag-altersarmut","tag-arbeitslosigkeit","tag-bemessungsgrenze","tag-beschaftigte","tag-entwicklungslander","tag-niedriglohn","tag-niedrigrenten","tag-rente","tag-schwellenlander","tag-unternehmen"],"_links":{"self":[{"href":"http:\/\/www.agenda-news.de\/index.php?rest_route=\/wp\/v2\/posts\/2697","targetHints":{"allow":["GET"]}}],"collection":[{"href":"http:\/\/www.agenda-news.de\/index.php?rest_route=\/wp\/v2\/posts"}],"about":[{"href":"http:\/\/www.agenda-news.de\/index.php?rest_route=\/wp\/v2\/types\/post"}],"author":[{"embeddable":true,"href":"http:\/\/www.agenda-news.de\/index.php?rest_route=\/wp\/v2\/users\/2"}],"replies":[{"embeddable":true,"href":"http:\/\/www.agenda-news.de\/index.php?rest_route=%2Fwp%2Fv2%2Fcomments&post=2697"}],"version-history":[{"count":4,"href":"http:\/\/www.agenda-news.de\/index.php?rest_route=\/wp\/v2\/posts\/2697\/revisions"}],"predecessor-version":[{"id":2706,"href":"http:\/\/www.agenda-news.de\/index.php?rest_route=\/wp\/v2\/posts\/2697\/revisions\/2706"}],"wp:attachment":[{"href":"http:\/\/www.agenda-news.de\/index.php?rest_route=%2Fwp%2Fv2%2Fmedia&parent=2697"}],"wp:term":[{"taxonomy":"category","embeddable":true,"href":"http:\/\/www.agenda-news.de\/index.php?rest_route=%2Fwp%2Fv2%2Fcategories&post=2697"},{"taxonomy":"post_tag","embeddable":true,"href":"http:\/\/www.agenda-news.de\/index.php?rest_route=%2Fwp%2Fv2%2Ftags&post=2697"}],"curies":[{"name":"wp","href":"https:\/\/api.w.org\/{rel}","templated":true}]}}