{"id":3080,"date":"2017-01-30T08:50:56","date_gmt":"2017-01-30T07:50:56","guid":{"rendered":"http:\/\/www.agenda-news.de\/?p=3080"},"modified":"2017-01-30T08:52:08","modified_gmt":"2017-01-30T07:52:08","slug":"agenda-news-martin-schulz-top-oder-flop-ein-hoffnungstrager-nicht-nur-fur-die-spd","status":"publish","type":"post","link":"http:\/\/www.agenda-news.de\/?p=3080","title":{"rendered":"Agenda News: Martin Schulz Top oder Flop \u2013 ein Hoffnungstr\u00e4ger nicht nur f\u00fcr die SPD"},"content":{"rendered":"<p><a href=\"http:\/\/www.agenda-news.de\/wp-content\/uploads\/2016\/11\/18.jpg\"><img loading=\"lazy\" decoding=\"async\" src=\"http:\/\/www.agenda-news.de\/wp-content\/uploads\/2016\/11\/18.jpg\" alt=\"Bild: Agenda 2011-2012\" width=\"157\" height=\"157\" class=\"alignleft size-full wp-image-2836\" srcset=\"http:\/\/www.agenda-news.de\/wp-content\/uploads\/2016\/11\/18.jpg 157w, http:\/\/www.agenda-news.de\/wp-content\/uploads\/2016\/11\/18-150x150.jpg 150w\" sizes=\"auto, (max-width: 157px) 100vw, 157px\" \/><\/a>Trump hat Europa aus dem Phlegma gerissen &#8211; Schulz k\u00f6nnte Deutschland aus der Lethargie f\u00fchren.<\/p>\n<p>Lehrte, 30.01.2017. Martin Schulz hat sich den Menschen in einer eindrucksvollen Weise dargestellt. Er hat schonungslos die sozialen Probleme in Deutschland angeprangert. In friedvoller Eintracht mit Gabriel auf die Erfolge der SPD, die in der Gro\u00dfen Koalition einen hervorragenden Job gemacht hat, hingewiesen und die Union kritisiert. Er hat Ungerechtigkeiten benannt und darauf hingewiesen, wof\u00fcr die SPD steht. Er will die Gr\u00e4ben \u00fcberwinden, die die Nation teilen. Gemeinsam anpacken und das Vertrauen der Menschen zur\u00fcck zu gewinnen sind sein Anliegen.<\/p>\n<p>Es geht der SPD bei der Bundestagswahl 2017 darum, einen Gro\u00dfteil der knapp 62 Millionen Wahlberechtigten zu erreichen. Dazu geh\u00f6ren 7 Millionen Hartz IV-Empf\u00e4nger, die keinen Job haben und 13 Millionen Besch\u00e4ftigte, die den Mindestlohn von 8,50 Euro nicht erhalten, da sie \u201etariflich\u201c an Stundenl\u00f6hne von unter 5, 6, 7, 8 und 8,50 Euro gebunden sind. 9,45 Millionen Rentner erhalten Bruttorenten von unter 500 Euro bzw. 700 Euro. Deutschland hat sich zum Niedriglohn- und Niedrigrentenland Nummer 1 in der EU entwickelt.<\/p>\n<p>Daraus resultieren 16 Millionen Arme und 10,6 Millionen B\u00fcrger, denen 1.000 Euro f\u00fcr unvorhergesehene Ausgaben fehlen. 1,4 Millionen Regelsatzempf\u00e4nger nehmen Notkredite in Anspruch, um Schulden zu bezahlen. 30 % der B\u00fcrger sind verschuldet und haben keine Sparguthaben. Das alles ist sozial verwerflich. Die Regierungen unter Brandt, Schmidt, Kohl, Schr\u00f6der und Merkel haben seit 1969 rund 2.050 Mrd. Euro mehr ausgegeben, als der Staat eingenommen hat.<\/p>\n<p>Helmut Kohl hat 1989 die Senkung der Lohnsteuer und Einkommensteuer von 56 aus 42 Prozent auf den Weg gebracht, 1991 die B\u00f6rsenumsatzsteuer ersatzlos gestrichen und 1997 die Verm\u00f6gensteuer ausgesetzt. Dadurch haben Kohl, Schr\u00f6der und Merkel auf Steuereinnahmen von 1.150 Mrd. Euro verzichtet. Davon hat sich Deutschland bis heute nicht erholt. Das ist kein Zufall, sondern politischer Wille. Kein Politiker, \u00d6konom, Wirtschaftswissenschaftler, Wirtschaftsinstitut, Unternehmer oder Experte (Entscheider) hat bis heute verbindlich gesagt, wie das Staatsdefizit von 2.050 Mrd. Euro kompensiert oder, mit einem aus allen N\u00e4hten platzenden Haushalt von 330 Mrd. Euro, abgebaut werden soll. <\/p>\n<p>Ihnen ist bekannt, dass Deutschland Zahlungsversprechen in H\u00f6he von 4.800 Mrd. Euro gegeben hat und die Schulden bis 2040 auf 7.000 Mrd. Euro steigen. Sie wissen, dass bis dahin rund 20 Mio. Jobs verloren gehen und sich die Zahl der Rentner best\u00e4ndig auf 40 Millionen erh\u00f6ht. Es ist nicht die Frage ob Schulz oder Merkel, sondern wer reale Finanzierungskonzepte f\u00fcr die Zukunft anbieten kann. Entt\u00e4uschung, Wut und Hass auf Regierungen haben immer mehr Menschen an den linken oder rechten Rand der Gesellschaft gedr\u00fcckt und Rechtsradikalismus gesch\u00fcrt. <\/p>\n<p>Kein Politiker, \u00d6konom, Wirtschaftswissenschaftler, Wirtschaftsinstitut, Unternehmer oder Experte (Entscheider) hat bis heute verbindlich gesagt, wie die Einnahmenverluste von 2.050 Mrd. Euro kompensiert oder, aus einem aus allen N\u00e4hten platzenden Haushalt von 330 Mrd. Euro, refinanziert werden sollen. <\/p>\n<p>Martin Schulz wird in einem zweiten entscheidenden Schritt erkl\u00e4ren m\u00fcssen, wie er die angek\u00fcndigten Reformen und Investitionen, die gro\u00dfes Geld kosten, finanzieren will. Die Reaktion von Unternehmen und Lobbyisten d\u00fcrfte nicht lange auf sich warten lassen. Sie werden nach altem Muster mit drohender steigender Arbeitslosigkeit, Verlust von Wettbewerbsf\u00e4higkeit, schrumpfenden Investitionen und Investitionsstaus drohen<\/p>\n<p>Agenda  2011-2012 hat dieses Problem gel\u00f6st. Bereits im Mai 2010 wurde der \u00d6ffentlichkeit im Internet ein Reformprogramm zu Diskussion angeboten, das mit einem aktuellen Finanzrahmen von \u00fcber 275 Mrd. Euro f\u00fcr ausgeglichene Haushalte und R\u00fcckf\u00fchrung der Staatsschulden steht. Komplexe und pr\u00e4zise Informationen finden User auf den Internetportalen Agenda 2011-2012, Agenda News und in dem Sachbuch \u201eProtokoll einer Staatssanierung \u2013 Wege aus der Krise\u201c, erschienen 2016 bei Books on Demand.<\/p>\n<p>Dieter Neumann, Aktivist, Autor, freier Journalist, Mitglied im \u201eDeutschen Verband der Pressejournalisten\u201c, l\u00e4dt User, Freunde und Interessenten zu einem kostenlosen Vortrag zu dieser Thematik nach Lehrte ein. Termin: 03. M\u00e4rz 2017. Weitere Informationen nach Anmeldungen per Telefon\/Fax: 05132-52919 oder E-Mail: info@agenda2011-2012.de. Anmeldeschluss: Montag, 20.. Februar 2017. Herzlich willkommen!<\/p>\n<p>Dieter Neumann<\/p>\n<p>Agenda 2011-2012<br \/>\nAgenda News<br \/>\nDieter Neumann<br \/>\nAhltener Stra\u00dfe 25<br \/>\n31275 Lehrte<br \/>\nTelefon\/Fax 05132-52919<br \/>\nwww.agenda2011-2012@t-online.de                                                                                                                                                           http:\/\/www.agenda2011-2012.de<\/p>\n<p>Im Mai 2010 wurde das soziale Netzwerk Agenda 2011-2012, eine Initiative von B\u00fcrgern f\u00fcr B\u00fcrger, gegr\u00fcndet. Im Mittelpunkt stehen die Themen soziale Gerechtigkeit, Bildung und eine angemessene Beteiligung aller Gesellschaftsschichten an den Kosten des Staates. Der \u00d6ffentlichkeit wurde bereits im Mai 2010 ein Sanierungskonzept mit einem j\u00e4hrlichen Finanzrahmen von 275 Milliarden Euro zur Diskussion angeboten, das f\u00fcr ausgeglichene Haushalte und R\u00fcckf\u00fchrung der Staatsschulden steht.<\/p>\n<p>Die \u201ePresseberichte\u201c sind Spots zum Sachbuch Agenda 2011-2012 \u201eProtokoll einer Staatssanierung \u2013 Wege aus der Krise\u201c, Dieter Neumann, erschienen bei Books on Demand im Mai 2016. Zur Realisierung des Sanierungskonzeptes wird ein Konsens mit B\u00fcrgern, Politikern, sozialen Netz- und Hilfswerken, Kirchen, Gewerkschaften, Unternehmern, Verm\u00f6genden und Sponsoren gesucht. <\/p>\n","protected":false},"excerpt":{"rendered":"<p>Trump hat Europa aus dem Phlegma gerissen &#8211; Schulz k\u00f6nnte Deutschland aus der Lethargie f\u00fchren. Lehrte, 30.01.2017. Martin Schulz hat sich den Menschen in einer eindrucksvollen Weise dargestellt. Er hat schonungslos die sozialen Probleme in Deutschland angeprangert. In friedvoller Eintracht &hellip; <a href=\"http:\/\/www.agenda-news.de\/?p=3080\">Weiterlesen <span class=\"meta-nav\">&rarr;<\/span><\/a><\/p>\n","protected":false},"author":2,"featured_media":0,"comment_status":"closed","ping_status":"open","sticky":false,"template":"","format":"standard","meta":{"footnotes":""},"categories":[1],"tags":[214,1692,1691,212,486,347,85,344,1113],"class_list":["post-3080","post","type-post","status-publish","format-standard","hentry","category-allgemein","tag-armut","tag-finanzierungskonzept","tag-hoffnungstrager-soziale-probleme","tag-mindestlohn","tag-niedriglohn","tag-reformen","tag-schulden","tag-soziale-gerechtigkeit","tag-vermogende"],"_links":{"self":[{"href":"http:\/\/www.agenda-news.de\/index.php?rest_route=\/wp\/v2\/posts\/3080","targetHints":{"allow":["GET"]}}],"collection":[{"href":"http:\/\/www.agenda-news.de\/index.php?rest_route=\/wp\/v2\/posts"}],"about":[{"href":"http:\/\/www.agenda-news.de\/index.php?rest_route=\/wp\/v2\/types\/post"}],"author":[{"embeddable":true,"href":"http:\/\/www.agenda-news.de\/index.php?rest_route=\/wp\/v2\/users\/2"}],"replies":[{"embeddable":true,"href":"http:\/\/www.agenda-news.de\/index.php?rest_route=%2Fwp%2Fv2%2Fcomments&post=3080"}],"version-history":[{"count":3,"href":"http:\/\/www.agenda-news.de\/index.php?rest_route=\/wp\/v2\/posts\/3080\/revisions"}],"predecessor-version":[{"id":3082,"href":"http:\/\/www.agenda-news.de\/index.php?rest_route=\/wp\/v2\/posts\/3080\/revisions\/3082"}],"wp:attachment":[{"href":"http:\/\/www.agenda-news.de\/index.php?rest_route=%2Fwp%2Fv2%2Fmedia&parent=3080"}],"wp:term":[{"taxonomy":"category","embeddable":true,"href":"http:\/\/www.agenda-news.de\/index.php?rest_route=%2Fwp%2Fv2%2Fcategories&post=3080"},{"taxonomy":"post_tag","embeddable":true,"href":"http:\/\/www.agenda-news.de\/index.php?rest_route=%2Fwp%2Fv2%2Ftags&post=3080"}],"curies":[{"name":"wp","href":"https:\/\/api.w.org\/{rel}","templated":true}]}}