{"id":3098,"date":"2017-02-06T07:30:22","date_gmt":"2017-02-06T06:30:22","guid":{"rendered":"http:\/\/www.agenda-news.de\/?p=3098"},"modified":"2017-02-06T07:30:22","modified_gmt":"2017-02-06T06:30:22","slug":"schulz-ich-bin-einer-von-euch-ich-kenne-euch-eure-sorgen-und-angste-nun-muss-er-liefern","status":"publish","type":"post","link":"http:\/\/www.agenda-news.de\/?p=3098","title":{"rendered":"Schulz: Ich bin einer von Euch, ich kenne Euch, Eure Sorgen und \u00c4ngste \u2013 nun muss er liefern"},"content":{"rendered":"<p><a href=\"http:\/\/www.agenda-news.de\/wp-content\/uploads\/2017\/02\/Agenda-2011-2012-Nr.-32.jpg\"><img loading=\"lazy\" decoding=\"async\" src=\"http:\/\/www.agenda-news.de\/wp-content\/uploads\/2017\/02\/Agenda-2011-2012-Nr.-32.jpg\" alt=\"Bild: Agenda 2011-2012\" width=\"149\" height=\"149\" class=\"alignleft size-full wp-image-3099\" \/><\/a>Agenda 2011-2012: Wir sind welche von Euch, wir kennen Euch, Eure Sorgen, Probleme und \u00c4ngste \u2013 wir haben geliefert.<\/p>\n<p>Lehrte, 06.02.2017. Martin Schulz reklamiert, dass &#8222;Millionen von Menschen f\u00fchlen, dass es in diesem Staat nicht gerecht zugeht&#8220; und  &#8222;Unternehmensgewinne und Bonuszahlungen haben ebenso zugenommen wie die Zahl prek\u00e4rer Arbeitsverh\u00e4ltnisse.&#8220; Schulz will gro\u00dfes Verm\u00f6gen h\u00f6her besteuern.<\/p>\n<p>Er eilt von Erfolg zu Erfolg, weil er die Missst\u00e4nde in Deutschland schonungslos benennt und anprangert. Er erzeugt ein Wir-Gef\u00fchl und rei\u00dft B\u00fcrger mit. Nach neuesten Umfragen ist er f\u00fcr 29 %, gegen\u00fcber der Union mit 33 % Prozent, die politische Alternative. Er ist eine politische Sensation, glaubw\u00fcrdig und zielbewusst. Bis heute hat er keine politische Frage konkret beantwortet \u2013 sein Manko. Es ist wohltuend einen Parteivorsitzenden und Kanzlerkandidaten der SPD zu sehen, der sich deutlich von Trump und anderen unterscheidet <\/p>\n<p>Die Menschen erwarten von Schulz Aufkl\u00e4rung dar\u00fcber, welche Reformen er konkret angeht und wie er die vielen Probleme und Aufgaben, deren L\u00f6sung gro\u00dfes Geld kostet, finanzieren will. Mit einem aus allen N\u00e4hten platzenden Bundeshaushalt von 330 Mrd. Euro ist kein \u201eStaat\u201c zu machen. Er sollte den B\u00fcrgern offen erkl\u00e4ren, dass er der Politik seiner Vorg\u00e4nger nicht folgt: Brandt, Schmidt, Kohl, Schr\u00f6der und Merkel haben seit 1969 rund 2.150 Milliarden Euro mehr ausgegeben, als der Staat eingenommen hat.<\/p>\n<p>Helmut Kohl hat 1989 die Senkung der Lohnsteuer und Einkommensteuer von 56 auf 42 Prozent auf den Weg gebracht, 1991 die B\u00f6rsenumsatzsteuer ersatzlos gestrichen und 1997 die Verm\u00f6gensteuer ausgesetzt. Dadurch haben Kohl, Schr\u00f6der und Merkel auf Steuereinnahmen von 1.150 Mrd. Euro verzichtet. Davon hat sich Deutschland bis heute nicht erholt. Das ist das politische Erbe, mit dem Martin Schulz fertig werden muss.<\/p>\n<p>Bis 2040 gehen in Deutschland 20 Millionen Arbeitspl\u00e4tze verloren. Demnach wird die Zahl der Rentner schrittweise auf 40 Millionen steigen. Deutschland hat Zahlungsversprechen von 4.800 Mrd. Euro abgegeben, wodurch die Staatsschulden auf 7.000 Mrd. Euro steigen werden. Das wissen Staats- und Regierungschefs, Politiker, \u00d6konomen, Wirtschaftswissenschaftler, EZB, Weltbank, Unternehmen und Experten (Entscheider) und ist wissenschaftlich in der Studie Arbeit 4.0 belegt.<\/p>\n<p>Im Gegensatz zu Entscheidern und Martin Schulz hat Agenda 2011-2012 geliefert. Bereits im Mai 2010 wurde der \u00d6ffentlichkeit im Internet ein Reformprogramm zur Diskussion angeboten, das Wege aus der Schuldenkrise weist. 33 Schwerpunktthemen, mit einem Finanzrahmen von 275 Mrd. Euro, stehen f\u00fcr ausgeglichene Haushalte und R\u00fcckf\u00fchrung der Staatsschulden. <\/p>\n<p>Agenda 2011-2012 hat 2009 die Statistiken des Statistischen Bundesamtes, von EUROSTAT und Statista \u201estudiert\u201c und daraus die Schl\u00fcsse zu \u00dcberwindung der Schuldenkrise gezogen. Die Erkenntnis ist, dass die Schuldenkrise nur mit einer angemessenen Beteiligung aller Gesellschaftsschichten an den Kosten des Staates \u00fcberwunden wird. <\/p>\n<p>Seit Mai 2010 werden redaktionell alle 3 Tage brisante sozial-, finanz- und wirtschaftspolitische Presseberichte und Nachrichten ausgewertet. Das herausragende Thema wird knapp kommentiert. Es werden dazu L\u00f6sungs- und Finanzierungsvorschl\u00e4ge unterbreitet.  Agenda 2011-2012 ist hautnah bei den Menschen und kennt ihre Sorgen, N\u00f6te und \u00c4ngste besser als ihre Volksvertreter.<\/p>\n<p>Deshalb kennt Agenda 2011-2012 Euch, Eure Probleme, Sorgen und \u00c4ngste und gibt, darauf komplexe und pr\u00e4zise Antworten. Das Gr\u00fcndungsprotokoll ist 2010 als Sachbuch erschienen und aus Authentizit\u00e4tsgr\u00fcnden in der Staatsbibliothek Berlin hinterlegt. User haben die erw\u00e4hnten Presseberichte, 525 an der Zahl, \u00fcber 15 Millionen Mal statistisch im Internet aufgerufen, gelesen und runtergeladen.<\/p>\n<p>Agenda 2011-2012 w\u00fcnscht Martin Schulz ein gutes H\u00e4ndchen bei der Finanzierung seiner Vorhaben. Gelingt ihm das, ist er unschlagbar. Zukunft ist nicht der Ruf nach Konservatismus und Kapitalismus, sondern nach Freiheit, Gleichheit, Br\u00fcderlichkeit und Menschenrechten, von Aktivisten, Progressiven und Patrioten.<\/p>\n<p>Dieter Neumann, Aktivist, Autor, freier Journalist, Mitglied im \u201eDeutschen Verband der Pressejournalisten\u201c, l\u00e4dt User, Freunde und Interessenten zu einem kostenlosen Vortrag zu dieser Thematik nach Lehrte ein. Termin: 03. M\u00e4rz 2017. Weitere Informationen nach Anmeldungen per Telefon\/Fax: 05132-52919 oder E-Mail: info@agenda2011-2012.de. Anmeldeschluss: Montag, 20. Februar 2017. Herzlich willkommen!<\/p>\n<p>Dieter Neumann<\/p>\n<p>Agenda 2011-2012<br \/>\nAgenda News<br \/>\nDieter Neumann<br \/>\nAhltener Stra\u00dfe 25<br \/>\n31275 Lehrte<br \/>\nTelefon\/Fax 05132-52919<br \/>\nwww.agenda2011-2012@t-online.de &#8211;                                                                   http:\/\/www.agenda2011-2012.de<\/p>\n<p>Im Mai 2010 wurde das soziale Netzwerk Agenda 2011-2012, eine Initiative von B\u00fcrgern f\u00fcr B\u00fcrger, gegr\u00fcndet. Im Mittelpunkt stehen die Themen soziale Gerechtigkeit, Bildung und eine angemessene Beteiligung aller Gesellschaftsschichten an den Kosten des Staates. Der \u00d6ffentlichkeit wurde bereits im Mai 2010 ein Sanierungskonzept mit einem j\u00e4hrlichen Finanzrahmen von 275 Milliarden Euro zur Diskussion angeboten, das f\u00fcr ausgeglichene Haushalte und R\u00fcckf\u00fchrung der Staatsschulden steht.<\/p>\n<p>Die \u201ePresseberichte\u201c sind Spots zum Sachbuch Agenda 2011-2012 \u201eProtokoll einer Staatssanierung \u2013 Wege aus der Krise\u201c, Dieter Neumann, erschienen bei Books on Demand im Mai 2016. Zur Realisierung des Sanierungskonzeptes wird ein Konsens mit B\u00fcrgern, Politikern, sozialen Netz- und Hilfswerken, Kirchen, Gewerkschaften, Unternehmern, Verm\u00f6genden und Sponsoren gesucht. <\/p>\n","protected":false},"excerpt":{"rendered":"<p>Agenda 2011-2012: Wir sind welche von Euch, wir kennen Euch, Eure Sorgen, Probleme und \u00c4ngste \u2013 wir haben geliefert. Lehrte, 06.02.2017. Martin Schulz reklamiert, dass &#8222;Millionen von Menschen f\u00fchlen, dass es in diesem Staat nicht gerecht zugeht&#8220; und &#8222;Unternehmensgewinne und &hellip; <a href=\"http:\/\/www.agenda-news.de\/?p=3098\">Weiterlesen <span class=\"meta-nav\">&rarr;<\/span><\/a><\/p>\n","protected":false},"author":2,"featured_media":0,"comment_status":"closed","ping_status":"open","sticky":false,"template":"","format":"standard","meta":{"footnotes":""},"categories":[1],"tags":[214,1691,212,486,347,1657,85,344,1113],"class_list":["post-3098","post","type-post","status-publish","format-standard","hentry","category-allgemein","tag-armut","tag-hoffnungstrager-soziale-probleme","tag-mindestlohn","tag-niedriglohn","tag-reformen","tag-reformprogramm","tag-schulden","tag-soziale-gerechtigkeit","tag-vermogende"],"_links":{"self":[{"href":"http:\/\/www.agenda-news.de\/index.php?rest_route=\/wp\/v2\/posts\/3098","targetHints":{"allow":["GET"]}}],"collection":[{"href":"http:\/\/www.agenda-news.de\/index.php?rest_route=\/wp\/v2\/posts"}],"about":[{"href":"http:\/\/www.agenda-news.de\/index.php?rest_route=\/wp\/v2\/types\/post"}],"author":[{"embeddable":true,"href":"http:\/\/www.agenda-news.de\/index.php?rest_route=\/wp\/v2\/users\/2"}],"replies":[{"embeddable":true,"href":"http:\/\/www.agenda-news.de\/index.php?rest_route=%2Fwp%2Fv2%2Fcomments&post=3098"}],"version-history":[{"count":2,"href":"http:\/\/www.agenda-news.de\/index.php?rest_route=\/wp\/v2\/posts\/3098\/revisions"}],"predecessor-version":[{"id":3101,"href":"http:\/\/www.agenda-news.de\/index.php?rest_route=\/wp\/v2\/posts\/3098\/revisions\/3101"}],"wp:attachment":[{"href":"http:\/\/www.agenda-news.de\/index.php?rest_route=%2Fwp%2Fv2%2Fmedia&parent=3098"}],"wp:term":[{"taxonomy":"category","embeddable":true,"href":"http:\/\/www.agenda-news.de\/index.php?rest_route=%2Fwp%2Fv2%2Fcategories&post=3098"},{"taxonomy":"post_tag","embeddable":true,"href":"http:\/\/www.agenda-news.de\/index.php?rest_route=%2Fwp%2Fv2%2Ftags&post=3098"}],"curies":[{"name":"wp","href":"https:\/\/api.w.org\/{rel}","templated":true}]}}