{"id":3135,"date":"2017-02-22T07:25:28","date_gmt":"2017-02-22T06:25:28","guid":{"rendered":"http:\/\/www.agenda-news.de\/?p=3135"},"modified":"2017-02-22T07:25:28","modified_gmt":"2017-02-22T06:25:28","slug":"agenda-news-zukunftsprojekt-agenda-2011-2012","status":"publish","type":"post","link":"http:\/\/www.agenda-news.de\/?p=3135","title":{"rendered":"Agenda News: Zukunftsprojekt Agenda 2011 &#8211; 2012"},"content":{"rendered":"<p><a href=\"http:\/\/www.agenda-news.de\/wp-content\/uploads\/2016\/12\/7050-353.jpg\"><img loading=\"lazy\" decoding=\"async\" src=\"http:\/\/www.agenda-news.de\/wp-content\/uploads\/2016\/12\/7050-353.jpg\" alt=\"Bild: Agenda 2011-2012\" width=\"171\" height=\"116\" class=\"alignleft size-full wp-image-3013\" \/><\/a>Im Mai 2010 wurde der \u00d6ffentlichkeit ein Finanzkonzept zur Diskussion angeboten, das f\u00fcr ausgeglichene Haushalte und R\u00fcckf\u00fchrung der Staatsschulden steht.<\/p>\n<p>Lehrte, 22.02.2017. Staats- und Regierungschefs, Politiker, Wirtschaftsweise, \u00d6konomen, Unternehmen, Wirtschaftswissenschaftler, Wirtschaftsinstitute\/-verb\u00e4nde und Experten haben keine Antworten auf die globale Krise \u2013 eine open end Diskussion\/Veranstaltung. Die Gr\u00fcnde liegen auf der Hand: Sie sind dabei den vorl\u00e4ufigen H\u00f6hepunkt der Schulden zu \u00fcberschreiten. Sie haben zugelassen, jeder auf seine Art, dass soziale Gerechtigkeit zu einem Slogan verkommen ist.<\/p>\n<p>Sie orientieren sich an  Reiche, von denen eine Minderheit 90 % des Weltverm\u00f6gens besitzen und nicht an den Rest. Unternehmer stehen f\u00fcr Ums\u00e4tze, die im doppelten Bereich des BIP liegen. Mit ihrer Macht dr\u00fccken sie auf politische Entscheidungen \u2013 zu ihren Gunsten. Dazu geh\u00f6rt ein Medienimperium, das die Interessen vom Kapital und Unternehmen in Anzeigen vereint.<\/p>\n<p>Verlierer sind arbeitende B\u00fcrger und die, die sich in Flei\u00df und Ehrlichkeit eine angemessene Rente erarbeitet haben. Ein zukunftsweisender sozialer Konsens zwischen Regierungen und B\u00fcrgern wird immer mehr abgeschmolzen. Die Folge dieser Entwicklung ist in Griechenland sichtbar \u2013 Armut und Elend! Die Hellenen haben eine Schuldenquote von 180 Prozent. Mental ist ihre Wut, Hass, der zynische Hohn und Spott bei er Mehrheit der Menschen angesiedelt. Hier wurden Populisten, Nationalisten und Menschenver\u00e4chter am Flie\u00dfband produziert.<\/p>\n<p>Bei Schuldenstaaten wird die Schuldenobergrenze, 60 % vom BIP, bis zum Dreifachen \u00fcberschritten. Politiker sehen Deutschland als Fels in der Schuldenbrandung. Kritiker eher als Nebelhorn, das vor Gefahren warnt. Was ist in Deutschland schief gelaufen? Brandt, Schmidt, Kohl, Schr\u00f6der und Merkel haben seit 1969 rund 2.150 Mrd. Euro mehr ausgegeben, als der Staat eingenommen hat. Sie waren nicht in der Lage, auch nur eine DM oder einen Euro zu tilgen. <\/p>\n<p>Helmut Kohl hat 1989 die Senkung der Lohnsteuer und Einkommensteuer von 56 auf 42 Prozent auf den Weg gebracht, 1991 die B\u00f6rsenumsatzsteuer ersatzlos gestrichen und 1997 die Verm\u00f6gensteuer ausgesetzt. Dadurch haben Kohl, Schr\u00f6der und Merkel auf Steuereinnahmen von 1.300 Mrd. Euro verzichtet. Davon hat sich Deutschland bis heute nicht erholt. W\u00e4ren sie dem Gewissen gefolgt, h\u00e4tten sie f\u00fcr eine Kompensierung der Schulden bzw. Gegenfinanzierung und Abbau gesorgt.<\/p>\n<p>Agenda 2011-2012 hat Antworten auf die globale Krise. Bereits im Mai 2010 wurde der \u00d6ffentlichkeit ein Sanierungskonzept mit einem aktuellen Finanzrahmen von 275 Mrd. Euro zur Diskussion angeboten, das f\u00fcr ausgeglichene Haushalte und R\u00fcckf\u00fchrung der Staatsschulden steht. Anhand von 33 Schwerpunktthemen werden die Rahmenbedingungen dazu realistisch geschildert. Dar\u00fcber hinaus gibt Agenda 2011-2012 komplexe und pr\u00e4zise Antworten auf die vielen und zumeist gro\u00dfen Probleme dieser Zeit.<\/p>\n<p>Das Gr\u00fcndungsprotokoll ist 2010 aus Authentizit\u00e4tsgr\u00fcnden als Sachbuch erschienen und in der Staatsbibliothek Berlin hinterlegt. Die erweiterte Neuauflage erschien 2016 unter dem Titel: Dieter Neumann, Agenda 2011-2012, \u201eProtokoll einer Staatssanierung \u2013 Wege aus der Krise\u201c bei Books on Demand. Seit 2010 wurden \u00fcber 1.000 \u00f6ffentliche Personen schriftlich \u00fcber das Zukunftsprogramm von Agenda 2011-2012 informiert.<\/p>\n<p>Agenda 2011-2012 steht f\u00fcr soziale Sicherheit und eine angemessene Beteiligung aller Gesellschaftsschichten an den Kosten des Staates. Umfangreiche Informationen bieten die Presseportale www.agenda2011-2012.de und die Onlinezeitung www.agenda-news.de. User haben Berichte dazu \u00fcber 12 Millionen Mal im Internet statistisch aufgerufen, gelesen und runtergeladen.<\/p>\n<p>Dieter Neumann <\/p>\n<p>Agenda 2011-2012<br \/>\nAgenda News<br \/>\nDieter Neumann<br \/>\nAhltener Stra\u00dfe 25<br \/>\n31275 Lehrte<br \/>\nTelefon\/Fax 05132-52919<br \/>\nwww.agenda2011-2012@t-online.de &#8211;                                                                 http:\/\/www.agenda2011-2012.de<\/p>\n<p>Agenda 2011 \u2013 2012 hat der \u00d6ffentlichkeit bereits im Mai 2010 ein Sanierungskonzept mit einem j\u00e4hrlichen Finanzrahmen von 275 Milliarden Euro zur Diskussion angeboten, das f\u00fcr ausgeglichene Haushalte und R\u00fcckf\u00fchrung der Staatsschulden steht. Die \u201ePresseberichte\u201c sind Spots zum Sachbuch Agenda 2011-2012 \u201eProtokoll einer Staatssanierung \u2013 Wege aus der Krise\u201c, Dieter Neumann, erschienen bei Books on Demand im Mai 2016.  <\/p>\n<p>Agenda 2011 &#8211; 2012 l\u00e4dt User, Freunde und Interessenten zu einem kostenlosen Vortrag zu dieser Thematik nach Lehrte ein. Termin: 7. April 2017. Weitere Informationen nach Anmeldungen per Telefon\/Fax: 05132-52919 oder E-Mail: info@agenda2011-2012.de. Anmeldeschluss: Freitag, 24. M\u00e4rz  2017. Herzlich willkommen!<\/p>\n","protected":false},"excerpt":{"rendered":"<p>Im Mai 2010 wurde der \u00d6ffentlichkeit ein Finanzkonzept zur Diskussion angeboten, das f\u00fcr ausgeglichene Haushalte und R\u00fcckf\u00fchrung der Staatsschulden steht. Lehrte, 22.02.2017. Staats- und Regierungschefs, Politiker, Wirtschaftsweise, \u00d6konomen, Unternehmen, Wirtschaftswissenschaftler, Wirtschaftsinstitute\/-verb\u00e4nde und Experten haben keine Antworten auf die globale Krise &hellip; <a href=\"http:\/\/www.agenda-news.de\/?p=3135\">Weiterlesen <span class=\"meta-nav\">&rarr;<\/span><\/a><\/p>\n","protected":false},"author":2,"featured_media":0,"comment_status":"closed","ping_status":"open","sticky":false,"template":"","format":"standard","meta":{"footnotes":""},"categories":[1],"tags":[214,1704,1703,1702,1177,1657,102,4,1654,1701],"class_list":["post-3135","post","type-post","status-publish","format-standard","hentry","category-allgemein","tag-armut","tag-gewissen","tag-konzepte","tag-losungen","tag-realpolitik","tag-reformprogramm","tag-renten","tag-staatsschulden","tag-zahlungsversprechen","tag-zukunftsprogramm"],"_links":{"self":[{"href":"http:\/\/www.agenda-news.de\/index.php?rest_route=\/wp\/v2\/posts\/3135","targetHints":{"allow":["GET"]}}],"collection":[{"href":"http:\/\/www.agenda-news.de\/index.php?rest_route=\/wp\/v2\/posts"}],"about":[{"href":"http:\/\/www.agenda-news.de\/index.php?rest_route=\/wp\/v2\/types\/post"}],"author":[{"embeddable":true,"href":"http:\/\/www.agenda-news.de\/index.php?rest_route=\/wp\/v2\/users\/2"}],"replies":[{"embeddable":true,"href":"http:\/\/www.agenda-news.de\/index.php?rest_route=%2Fwp%2Fv2%2Fcomments&post=3135"}],"version-history":[{"count":2,"href":"http:\/\/www.agenda-news.de\/index.php?rest_route=\/wp\/v2\/posts\/3135\/revisions"}],"predecessor-version":[{"id":3137,"href":"http:\/\/www.agenda-news.de\/index.php?rest_route=\/wp\/v2\/posts\/3135\/revisions\/3137"}],"wp:attachment":[{"href":"http:\/\/www.agenda-news.de\/index.php?rest_route=%2Fwp%2Fv2%2Fmedia&parent=3135"}],"wp:term":[{"taxonomy":"category","embeddable":true,"href":"http:\/\/www.agenda-news.de\/index.php?rest_route=%2Fwp%2Fv2%2Fcategories&post=3135"},{"taxonomy":"post_tag","embeddable":true,"href":"http:\/\/www.agenda-news.de\/index.php?rest_route=%2Fwp%2Fv2%2Ftags&post=3135"}],"curies":[{"name":"wp","href":"https:\/\/api.w.org\/{rel}","templated":true}]}}