{"id":3269,"date":"2017-05-05T08:04:33","date_gmt":"2017-05-05T06:04:33","guid":{"rendered":"http:\/\/www.agenda-news.de\/?p=3269"},"modified":"2017-05-05T08:04:33","modified_gmt":"2017-05-05T06:04:33","slug":"frankreich-es-geht-nicht-um-soziale-gerechtigkeit-sondern-um-emotionale-schnellschusse","status":"publish","type":"post","link":"http:\/\/www.agenda-news.de\/?p=3269","title":{"rendered":"Frankreich &#8211; es geht nicht um soziale Gerechtigkeit, sondern um emotionale Schnellsch\u00fcsse"},"content":{"rendered":"<p><a href=\"http:\/\/www.agenda-news.de\/wp-content\/uploads\/2017\/05\/36_agenda-Welt-klein.jpg\"><img loading=\"lazy\" decoding=\"async\" src=\"http:\/\/www.agenda-news.de\/wp-content\/uploads\/2017\/05\/36_agenda-Welt-klein.jpg\" alt=\"Bild: Agenda 2011-2012\" width=\"150\" height=\"150\" class=\"alignleft size-full wp-image-3270\" \/><\/a>Agenda 2011.2012: Die rechtsnationale Le Penn will raus aus dem Euro und Europa, ihr wirtschaftsliberaler Konkurrent Macron steht f\u00fcr ein starkes Europa. Es geht nicht mehr um soziale Gerechtigkeit, sondern um Wirtschaftsinteressen.<\/p>\n<p>Lehrte, 05.05.2017. Die franz\u00f6sische Gesellschaft ist tief gespalten. Auf der einen Seite Arme, Ausgegrenzte und Unterprivilegierte, die im Gef\u00fchl des wirtschaftlichen Niedergangs und der pers\u00f6nlichen Ausweglosigkeit verharren. Sie empfinden einen tiefen Hass gegen die Bourgeoisie, das franz\u00f6sische B\u00fcrgertum, die gehobene soziale Klasse der Gesellschaft. Mit ihrer konservativen oder reaktion\u00e4ren Gesinnung stehen sie der Unterschicht zynisch gegen\u00fcber.<\/p>\n<p>Eben auf diese Unterschicht berufen sich le Pen und Macron und versprechen, sie besserstellen zu wollen. Wobei das der eigentliche Grund ist, dass die letzten franz\u00f6sischen Regierungen gescheitert sind. Pr\u00e4sident Hollande ist gescheitert, weil er Arbeitnehmerrechte beschneiden wollte. Der Protest auf den Stra\u00dfen hat seinen R\u00fccktritt bewirkt.<\/p>\n<p>Unter diesen Gesichtspunkten ist es verst\u00e4ndlich, dass \u00d6konomen, Unternehmen, Reiche, Wirtschaftswissenschaftler und Medien Macron unterst\u00fctzen werden, egal was es kostet. Le Penn w\u00e4re f\u00fcr sie eine Katastrophe. Die Macht des Sagens stand in Frankreich schon immer vor konkreten politischen Aussagen. Kaum ein Politiker wird sich trauen, die Steuern zu erh\u00f6hen. Ebenso wenig stehen Ausgabenk\u00fcrzungen auf dem Programm. Der einzige Ausweg ist eine hohe Inflation, mit der die Schulden entwertet werden k\u00f6nnen.<\/p>\n<p>Frankreich hat ein weltweites Problem: Die Regierung, Politiker, \u00d6konomen, Unternehmen, Wirtschaftswissenschaftler und Experten erkennen nicht, dass ihnen die H\u00f6he der eigenen Schulden unbekannt ist. Weltweit haben 188 Staaten 300 Bio. USD Schulden. Bei einem BIP von 73,5 Mrd. US-Dollar betragen die Staatsschulden 60.Mrd. USD. Daran sind die USA mit 20 Bio. USD (33,33 %) beteiligt. Auf dieser Basis entfallen rund 80 Mrd. USD Schulden auf die Vereinigten Staaten.<\/p>\n<p>Die Staatsschulden der USA betragen rund 20.000 Mrd. USD. Dazu kommen die Schulden der privaten Haushalte, Schulden von Banken, Staatsanleihen, Zentralbanken, Notenbanken, Hedgefonds, Immobilienfonds, Investments und andere. Au\u00dferhalb des Finanzsektors stehen die Amerikaner mit insgesamt mehr als 57,5 Billionen Dollar in der Kreide. Das sind horrende 328 Prozent der Wirtschaftsleistung.  <\/p>\n<p>Das Staatsdefizit der USA lag 2015 bei 667 Bio. und das Handelsdefizit bei 745 Bio. USD. Ein Zinsanstieg um ein Prozent w\u00fcrde hier zu zus\u00e4tzlichen Zinszahlungen von 575 Mrd. Dollar pro Jahr f\u00fchren. Das sind 3,3 Prozent des Bruttoinlandprodukts. Bei einem solchen Zinsanstieg st\u00e4nde die US-Wirtschaft vor einer Rezession.  <\/p>\n<p>Frankreichs BIP lag 2015 bei 2.463 Mrd. USD. Dazu kommen rund 9,6 Mrd. USD Schulden (private Schulden, Bankschulden usw.) au\u00dferhalb der Staatsschulden. Danach ist Frankreich mit 12 Bio. USD an den weltweiten Schulden von 300 Mrd. USD beteiligt. Politiker, \u00d6konomen und Experten k\u00f6nnen den W\u00e4hlern das Defizit von rund 9,6 Bio. USD nicht erkl\u00e4ren. <\/p>\n<p>Sie haben keine Antworten! Macron hat keine eigene Partei und keine Abgeordneten im Parlament. Er ist auf die Unterst\u00fctzung der Opposition angewiesen. Daf\u00fcr wird er einen harten politischen Preis bezahlen. Seine neuen Kollegen aus der Opposition, die Verlierer der Republik, werden es ihm nicht leicht machen. Es ist aber auch eine gro\u00dfe Chance, dass sich Frankreich aus der Opposition heraus erneuert und gest\u00e4rkt aus dem Wahlkampf hervorgeht. <\/p>\n<p>Agenda 2011-2012 ist dieser Entwicklung weit voraus. Sie gibt pr\u00e4zise und komplexe Antworten auf die vielen Probleme und Aufgaben der Krise, deren L\u00f6sung viel Geld kostet. Bereits im Mai 2010 wurde der \u00d6ffentlichkeit im Internet ein Reformprogramm zu Diskussion angeboten, das mit einem aktuellen Finanzrahmen von 275 Mrd. Euro f\u00fcr ausgeglichene Haushalte und R\u00fcckf\u00fchrung der Staatsschulden steht.<\/p>\n<p>Dieter Neumann<\/p>\n<p>Agenda 2011-2012<br \/>\nAgenda News<br \/>\nDieter Neumann<br \/>\nAhltener Stra\u00dfe 25<br \/>\n31275 Lehrte<br \/>\nTelefon\/Fax 05132-52919<br \/>\nwww.agenda2011-2012@t-online.de \u2013                                                              http:\/\/www.agenda2011-2012.de<\/p>\n<p>Agenda 2011-2012 wurde im Mai 2010 gegr\u00fcndet und  ist ein globales Konzept gegen Finanzkrisen. Der \u00d6ffentlichkeit wurde bereits im Mai 2010 im Internet ein Sanierungskonzept mit einem j\u00e4hrlichen Finanzrahmen von 275 Milliarden Euro zur Diskussion angeboten, das f\u00fcr ausgeglichene Haushalte und R\u00fcckf\u00fchrung der Staatsschulden steht. Agenda 2011-2012 gibt pr\u00e4zise und komplexe Antworten auf viele Probleme und Aufgaben, deren L\u00f6sung gro\u00dfes Geld kostet.<\/p>\n<p>Agenda News ist das Presseorgan von Agenda 2011-2012. Presseberichte von Agenda News sind Spots zum Sachbuch Agenda 2011-2012 \u201eProtokoll einer Staatssanierung \u2013 Wege aus der Krise\u201c, Dieter Neumann, BoD-Verlag Mai 2016. Fazit: \u201eDie Krise wird nur mit einen angemessenen Beteiligung aller Gesellschaftsschichten an den Kosten des Staates \u00fcberwunden\u201c.<\/p>\n","protected":false},"excerpt":{"rendered":"<p>Agenda 2011.2012: Die rechtsnationale Le Penn will raus aus dem Euro und Europa, ihr wirtschaftsliberaler Konkurrent Macron steht f\u00fcr ein starkes Europa. Es geht nicht mehr um soziale Gerechtigkeit, sondern um Wirtschaftsinteressen. Lehrte, 05.05.2017. Die franz\u00f6sische Gesellschaft ist tief gespalten. &hellip; <a href=\"http:\/\/www.agenda-news.de\/?p=3269\">Weiterlesen <span class=\"meta-nav\">&rarr;<\/span><\/a><\/p>\n","protected":false},"author":2,"featured_media":0,"comment_status":"closed","ping_status":"open","sticky":false,"template":"","format":"standard","meta":{"footnotes":""},"categories":[1],"tags":[349,1645,1731,1732,5,344,4,194,1113,698],"class_list":["post-3269","post","type-post","status-publish","format-standard","hentry","category-allgemein","tag-arme","tag-hass","tag-le-pen","tag-macron","tag-sanierungskonzept","tag-soziale-gerechtigkeit","tag-staatsschulden","tag-unterschicht","tag-vermogende","tag-wirtschaftsinteressen"],"_links":{"self":[{"href":"http:\/\/www.agenda-news.de\/index.php?rest_route=\/wp\/v2\/posts\/3269","targetHints":{"allow":["GET"]}}],"collection":[{"href":"http:\/\/www.agenda-news.de\/index.php?rest_route=\/wp\/v2\/posts"}],"about":[{"href":"http:\/\/www.agenda-news.de\/index.php?rest_route=\/wp\/v2\/types\/post"}],"author":[{"embeddable":true,"href":"http:\/\/www.agenda-news.de\/index.php?rest_route=\/wp\/v2\/users\/2"}],"replies":[{"embeddable":true,"href":"http:\/\/www.agenda-news.de\/index.php?rest_route=%2Fwp%2Fv2%2Fcomments&post=3269"}],"version-history":[{"count":2,"href":"http:\/\/www.agenda-news.de\/index.php?rest_route=\/wp\/v2\/posts\/3269\/revisions"}],"predecessor-version":[{"id":3272,"href":"http:\/\/www.agenda-news.de\/index.php?rest_route=\/wp\/v2\/posts\/3269\/revisions\/3272"}],"wp:attachment":[{"href":"http:\/\/www.agenda-news.de\/index.php?rest_route=%2Fwp%2Fv2%2Fmedia&parent=3269"}],"wp:term":[{"taxonomy":"category","embeddable":true,"href":"http:\/\/www.agenda-news.de\/index.php?rest_route=%2Fwp%2Fv2%2Fcategories&post=3269"},{"taxonomy":"post_tag","embeddable":true,"href":"http:\/\/www.agenda-news.de\/index.php?rest_route=%2Fwp%2Fv2%2Ftags&post=3269"}],"curies":[{"name":"wp","href":"https:\/\/api.w.org\/{rel}","templated":true}]}}