{"id":3838,"date":"2017-12-11T07:15:08","date_gmt":"2017-12-11T06:15:08","guid":{"rendered":"http:\/\/www.agenda-news.de\/?p=3838"},"modified":"2017-12-11T07:15:08","modified_gmt":"2017-12-11T06:15:08","slug":"agenda-2011-2012-gibt-der-zukunft-perspektiven","status":"publish","type":"post","link":"http:\/\/www.agenda-news.de\/?p=3838","title":{"rendered":"Agenda 2011-2012 gibt der Zukunft Perspektiven"},"content":{"rendered":"<p><a href=\"http:\/\/www.agenda-news.de\/wp-content\/uploads\/2017\/12\/07_Agenda-2011-2012.jpg\"><img loading=\"lazy\" decoding=\"async\" src=\"http:\/\/www.agenda-news.de\/wp-content\/uploads\/2017\/12\/07_Agenda-2011-2012.jpg\" alt=\"Pressebericht Nr. 606\" width=\"150\" height=\"101\" class=\"alignleft size-full wp-image-3839\" \/><\/a>Agenda 2011-2012 steht f\u00fcr politische Bildung, soziale Sicherheit, Menschenw\u00fcrde, Menschenrechte und Abbau der Staatsschulden. Seit Mai 2010 werden pr\u00e4zise und komplexe Antworten auf die Aufgaben und Probleme der Schuldenkrise gegeben.<\/p>\n<p>Lehrte, 11.12.2017. Im Mai 2010 hat die Initiative Agenda 2011-2012 der \u00d6ffentlichkeit im Internet ein Reformprogram zur Diskussion angeboren, das mit einem aktuellen Finanzrahmen von 275 Milliarden f\u00fcr ausgeglichene Haushalt und R\u00fcckf\u00fchrung der Staatsschulden steht. Damit sind zum Beispiel folgende Reformvorhaben finanzierbar:<\/p>\n<p>\u2022\tWiedereinf\u00fchrung der ausgesetzten Verm\u00f6gensteuer: Eine Minderheit besitzt Privatverm\u00f6gen von \u00fcber 12 Billionen Euro und zahlt keine Verm\u00f6gensteuer. Verm\u00f6gen sollten mit 0,33 % versteuert werden, was Einnahmen von rund 40 Mrd. Euro bedeuten w\u00fcrde.<br \/>\n\u2022\tDie Wiedereinf\u00fchrung der B\u00f6rsenumsatzsteuer (Finanztransaktionssteuer) w\u00fcrde laut Wolfgang Sch\u00e4uble und Agenda 2011-2012 Einnahmen von rund 40 Mrd. Euro bedeuten. Er h\u00e4lt eine Reform f\u00fcr politisch nicht durchsetzbar, Agenda 2011-2012 h\u00e4lt sie f\u00fcr durchsetzbar!<br \/>\n\u2022\tErh\u00f6hung der Erbschaftssteuer: 2014 wurden Erbschaften mit 1,3 Prozent oder 5,45 Mrd. Euro besteuert. Die Einnahmen sollten mindestens 5,2 % oder 23 Mrd. Euro betragen. \u2022<br \/>\n\u2022\tUnternehmen an Umsatzsteuer beteiligen: Verbraucher zahlen 7 bzw. 19% Mehrwertsteuern, die 2014 Staatseinnahmen von 841 Mrd. Euro erbrachten. Davon zahlten B\u00fcrger 131 Mrd. Umsatzsteuern und Unternehmer keinen Cent, da ihnen 740 Mrd. Euro erstattet wurden.<br \/>\n\u2022\tEs wird daf\u00fcr gestimmt, Unternehmen mit 1 % an der MwSt. zu beteiligen oder 45 Mrd. Euro.<\/p>\n<p>Unabdingbar ist die Forderung, die niedrigen Einkommen von Armen, Regelsatzempf\u00e4ngern, Niedriglohn- und Niedrigrentenempf\u00e4ngern an die Armutsgrenze von netto 979 Euro anzupassen und diese  stufenweise auf 1.050 Euro zu erh\u00f6hen. Die Bemessungsgrenzen f\u00fcr Renten liegen in der EU zwischen 60 und 101 % (Niederlande), in Deutschland bei 49 %, die bis 2040 auf 43 % gesenkt wird. Es wird f\u00fcr eine stufenweise Erh\u00f6hung auf 60 % pl\u00e4diert.<\/p>\n<p>Bis 2040 werden in Deutschland nicht die propagierten 15 Mio. Besch\u00e4ftigte fehlen, sondern 20 Mio. Arbeitspl\u00e4tze verloren gehen (Arbeit 4-0). Unter diesen Umst\u00e4nden er\u00fcbrigt sich die Frage nach einer Arbeitszeit bis zum 70. Lebensjahr oder dar\u00fcber hinaus. Auch darauf gibt Agenda 2011-2012 Antworten!<\/p>\n<p>\u2022\tSenkung der Lohn- und Einkommensteuers\u00e4tze von 10 \u2013 30 % bis zum Spitzensteuersatz von 80.000 Euro, dar\u00fcber hinaus 40 % bis 150.000 Euro und danach 50 %.<\/p>\n<p>\u2022\t8,5 Mio. Erwerbst\u00e4tige erhielten bis 2015 aufgrund bestehender Tarifvertr\u00e4ge brutto Stundenl\u00f6hne von unter 5, 6, 7, 8 und 8,50 Euro und nicht den tariflichen Mindestlohn, weil sie an diese Vertr\u00e4ge gebunden sind. Ende 2016 sollte der Mindestlohn fl\u00e4chendeckend in Deutschland eingef\u00fchrt werden. Das ist nicht der Fall.<br \/>\n\u2022\tEs wird f\u00fcr einen gesetzlichen, stufenweisen Anstieg des Mindestlohns ab 2018 auf 9,50 \u2013 10,50 Euro gestimmt.<\/p>\n<p>Agenda 2011-2012 stimmt f\u00fcr eine gesetzliche Regelung, dass die Bundesregierun im Rahmen der Haushaltsplanungen eine zu erwartende Inflationsrate (z. B. 1.5 %) festlegt. Auf dieser Basis k\u00f6nnen die Tarifpartner Gewerkschaften und Arbeitgeber angemessene Lohnerh\u00f6hungen festlegen. <\/p>\n<p>Als unabdingbar f\u00fcr eine GroKo betrachtet Agenda 2011-2012 die Bereitschaft der Parteien, die B\u00f6rsenumsatzsteuer und Verm\u00f6gensteuer wieder einzuf\u00fchren und die Erbschaftssteuer zu erh\u00f6hen. Unter diesen Gesichtspunkten k\u00f6nnte man sich eine gro\u00dfe Koalition vorstellen,  in der Martin Schulz und Angela Merkel jeweils 2 Jahre regieren.  <\/p>\n<p>Dieter Neumann <\/p>\n<p>Agenda 2011-2012<br \/>\nAgenda News<br \/>\nDieter Neumann<br \/>\nAhltener Stra\u00dfe 25<br \/>\n31275 Lehrte<br \/>\nTelefon\/Fax 05132-52919<br \/>\nInfo@agenda2011-2012.de \u2013                                                                                                     http:\/\/www.agenda2011-2012.de<\/p>\n<p>Agenda 2011-2012 wurde im Mai 2010 gegr\u00fcndet und ist ein globales Konzept gegen Finanzkrisen. Der \u00d6ffentlichkeit wurde parallel dazu im Internet ein Sanierungskonzept mit einem j\u00e4hrlichen Finanzrahmen von 275 Milliarden Euro zur Diskussion angeboten, das f\u00fcr ausgeglichene Haushalte und R\u00fcckf\u00fchrung der Staatsschulden steht. Das Gr\u00fcndungsprotokoll ist 2010 als Sachbuch erschienen und aus Authentizit\u00e4tsgr\u00fcnden in der Staatsbibliothek Berlin hinterlegt.<\/p>\n<p>Agenda News ist das Presseorgan von Agenda 2011-2012. Presseberichte von Agenda News sind Spots zum Sachbuch Agenda 2011-2012 \u201eProtokoll einer Staatssanierung \u2013 Wege aus der Krise\u201c, Dieter Neumann, Books on DEMAND-Verlag Mai 2016. Fazit: \u201eDie Krise wird nur mit einer angemessenen Beteiligung aller Gesellschaftsschichten an den Kosten des Staates \u00fcberwunden.\u201c<\/p>\n","protected":false},"excerpt":{"rendered":"<p>Agenda 2011-2012 steht f\u00fcr politische Bildung, soziale Sicherheit, Menschenw\u00fcrde, Menschenrechte und Abbau der Staatsschulden. Seit Mai 2010 werden pr\u00e4zise und komplexe Antworten auf die Aufgaben und Probleme der Schuldenkrise gegeben. Lehrte, 11.12.2017. Im Mai 2010 hat die Initiative Agenda 2011-2012 &hellip; <a href=\"http:\/\/www.agenda-news.de\/?p=3838\">Weiterlesen <span class=\"meta-nav\">&rarr;<\/span><\/a><\/p>\n","protected":false},"author":2,"featured_media":0,"comment_status":"closed","ping_status":"open","sticky":false,"template":"","format":"standard","meta":{"footnotes":""},"categories":[1],"tags":[125,256,1651,47,364,1892,5,4,1242,1342],"class_list":["post-3838","post","type-post","status-publish","format-standard","hentry","category-allgemein","tag-borsenumsatzsteuer","tag-erbschaftssteuer","tag-lohnsteuer","tag-menschenrechte","tag-menschenwurde","tag-perspektiven","tag-sanierungskonzept","tag-staatsschulden","tag-vermogensteuer","tag-zukunft"],"_links":{"self":[{"href":"http:\/\/www.agenda-news.de\/index.php?rest_route=\/wp\/v2\/posts\/3838","targetHints":{"allow":["GET"]}}],"collection":[{"href":"http:\/\/www.agenda-news.de\/index.php?rest_route=\/wp\/v2\/posts"}],"about":[{"href":"http:\/\/www.agenda-news.de\/index.php?rest_route=\/wp\/v2\/types\/post"}],"author":[{"embeddable":true,"href":"http:\/\/www.agenda-news.de\/index.php?rest_route=\/wp\/v2\/users\/2"}],"replies":[{"embeddable":true,"href":"http:\/\/www.agenda-news.de\/index.php?rest_route=%2Fwp%2Fv2%2Fcomments&post=3838"}],"version-history":[{"count":2,"href":"http:\/\/www.agenda-news.de\/index.php?rest_route=\/wp\/v2\/posts\/3838\/revisions"}],"predecessor-version":[{"id":3841,"href":"http:\/\/www.agenda-news.de\/index.php?rest_route=\/wp\/v2\/posts\/3838\/revisions\/3841"}],"wp:attachment":[{"href":"http:\/\/www.agenda-news.de\/index.php?rest_route=%2Fwp%2Fv2%2Fmedia&parent=3838"}],"wp:term":[{"taxonomy":"category","embeddable":true,"href":"http:\/\/www.agenda-news.de\/index.php?rest_route=%2Fwp%2Fv2%2Fcategories&post=3838"},{"taxonomy":"post_tag","embeddable":true,"href":"http:\/\/www.agenda-news.de\/index.php?rest_route=%2Fwp%2Fv2%2Ftags&post=3838"}],"curies":[{"name":"wp","href":"https:\/\/api.w.org\/{rel}","templated":true}]}}