{"id":3857,"date":"2017-12-21T08:12:36","date_gmt":"2017-12-21T07:12:36","guid":{"rendered":"http:\/\/www.agenda-news.de\/?p=3857"},"modified":"2017-12-21T08:12:36","modified_gmt":"2017-12-21T07:12:36","slug":"ufss-gibt-es-einen-weihnachtsmann","status":"publish","type":"post","link":"http:\/\/www.agenda-news.de\/?p=3857","title":{"rendered":"UfSS: Gibt es einen Weihnachtsmann?"},"content":{"rendered":"<p><div id=\"attachment_3858\" style=\"width: 300px\" class=\"wp-caption alignleft\"><a href=\"http:\/\/www.agenda-news.de\/wp-content\/uploads\/2017\/12\/36_Agenda-2011-2013-Soziale-Gerechtigkeiz-31.jpg\"><img loading=\"lazy\" decoding=\"async\" aria-describedby=\"caption-attachment-3858\" src=\"http:\/\/www.agenda-news.de\/wp-content\/uploads\/2017\/12\/36_Agenda-2011-2013-Soziale-Gerechtigkeiz-31.jpg\" alt=\"Pressebericht Nr. 609\" width=\"290\" height=\"182\" class=\"size-full wp-image-3858\" \/><\/a><p id=\"caption-attachment-3858\" class=\"wp-caption-text\">Pressebericht Nr. 609<\/p><\/div>Die UfSS legt auch mal eine kleine besinnliche Pause ein und sagt Danke, dass Sie unsere Informationen genutzt haben und w\u00fcnscht Ihnen ein sch\u00f6nes Weihnachtsfest und einen guten Start in das Neue Jahr 2018.<\/p>\n<p>Lehrte, 21.12.2017. Anfrage an die Redaktion der Sun: Mit Freude beantworten wir sofort und damit auf herausragende Weise die folgende Mitteilung und geben gleichzeitig unserer gro\u00dfen Freude Ausdruck, dass ihre gewissenhafte Autorin zu den Freunden der Sun z\u00e4hlt: Lieber Redakteur: Ich bin 8 Jahre alt. Einige meiner kleinen Freunde sagen, dass es keinen Weihnachtsmann gibt. Papa sagt: \u201eWenn du es in der Sun siehst, ist es so.\u201c Bitte sagen Sie mir die Wahrheit: Gibt es einen Weihnachtsmann? Virginia O\u2019Hanlon, 115 West Ninety-fifth Street.<\/p>\n<p>Virginia, deine kleinen Freunde haben unrecht. Sie sind beeinflusst von der Skepsis eines skeptischen Zeitalters. Sie glauben an nichts, was sie nicht sehen. Sie glauben, dass nichts sein kann, was ihr kleiner Verstand nicht fassen kann. Der Verstand, Virginia, sei er nun von Erwachsenen oder Kindern, ist immer klein. In diesem unserem gro\u00dfen Universum ist der Mensch vom Intellekt her ein blo\u00dfes Insekt, eine Ameise, verglichen mit der grenzenlosen Welt \u00fcber ihm, gemessen an der Intelligenz, die zum Begreifen der Gesamtheit von Wahrheit und Wissen f\u00e4hig ist.<\/p>\n<p>Ja, Virginia, es gibt einen Weihnachtsmann. Er existiert so zweifellos wie Liebe und Gro\u00dfz\u00fcgigkeit und Zuneigung bestehen, und du wei\u00dft, dass sie reichlich vorhanden sind und deinem Leben seine h\u00f6chste Sch\u00f6nheit und Freude geben. O weh! Wie \u00f6de w\u00e4re die Welt, wenn es keinen Weihnachtsmann g\u00e4be. Sie w\u00e4re so \u00f6de, als wenn es dort keine Virginias g\u00e4be. Es g\u00e4be dann keinen kindlichen Glauben, keine Poesie, keine Romantik, die diese Existenz ertr\u00e4glich machen. Wir h\u00e4tten keine Freude au\u00dfer durch die Sinne und den Anblick. Das ewige Licht, mit dem die Kindheit die Welt erf\u00fcllt, w\u00e4re ausgel\u00f6scht.<\/p>\n<p>Nicht an den Weihnachtsmann glauben! Du k\u00f6nntest ebenso gut nicht an Elfen glauben! Du k\u00f6nntest deinen Papa veranlassen, Menschen anzustellen, die am Weihnachtsabend auf alle Kamine aufpassen, um den Weihnachtsmann zu fangen; aber selbst wenn sie den Weihnachtsmann nicht herunterkommen s\u00e4hen, was w\u00fcrde das beweisen? Niemand sieht den Weihnachtsmann, aber das ist kein Zeichen daf\u00fcr, dass es den Weihnachtsmann nicht gibt. Die wirklichsten Dinge in der Welt sind jene, die weder Kinder noch Erwachsene sehen k\u00f6nnen. Sahst du jemals Elfen auf dem Rasen tanzen? Selbstverst\u00e4ndlich nicht, aber das ist kein Beweis daf\u00fcr, dass sie nicht dort sind. Niemand kann die ungesehenen und unsichtbaren Wunder der Welt begreifen oder sie sich vorstellen.<\/p>\n<p>Du kannst die Babyrassel auseinanderrei\u00dfen und nachsehen, was darin die Ger\u00e4usche erzeugt; aber die unsichtbare Welt ist von einem Schleier bedeckt, den nicht der st\u00e4rkste Mann, noch nicht einmal die gemeinsame St\u00e4rke aller st\u00e4rksten M\u00e4nner aller Zeiten, auseinanderrei\u00dfen k\u00f6nnte. Nur Glaube, Phantasie, Poesie, Liebe, Romantik k\u00f6nnen diesen Vorhang beiseiteschieben und die \u00fcbernat\u00fcrliche Sch\u00f6nheit und den Glanz dahinter betrachten und beschreiben. Ist das alles wahr? Ach, Virginia, in der ganzen Welt ist nichts sonst wahrer und best\u00e4ndiger.<\/p>\n<p>Kein Weihnachtsmann! Gott sei Dank! lebt er, und er lebt auf ewig. Noch in tausend Jahren, Virginia, nein, noch in zehnmal zehntausend Jahren wird er fortfahren, das Herz der Kindheit zu erfreuen (Wikipedia). F\u00fcr alle die eine Last auf den Schultern tragen m\u00fcssen: Wenn Tage Dir kommen ohne Hoffnung voll Leid, dann denke zur\u00fcck an die bessere Zeit, und denk an die Zukunft, lass Hoffnung Dich leiten, es kommen auch wieder bessere Zeiten. <\/p>\n<p>Union f\u00fcr Soziale Sicherheit \u2013 UfSS<br \/>\nDieter Neumann<br \/>\nAhltener Stra\u00dfe 25<br \/>\n31275 Lehrte<br \/>\nTelefon 05132-52919<br \/>\nE-Mail: info@ufss.de<br \/>\nhttp:\/\/www.ufss.de<\/p>\n<p>Die Union f\u00fcr Soziale Sicherheit (UfSS) befindet sich in Gr\u00fcndung. Sie unterscheidet sich von allen anderen Parteien dadurch, dass sie ein komplexes Programm zur L\u00f6sung der Krise anbietet. Welche andere Partei hat ihr Programm, wie die UfSS, 6 Jahre in der \u00d6ffentlichkeit getestet bevor sie gegr\u00fcndet wird? Keine! User haben \u00fcber 12 Mio. Mal Berichte dazu im Internet statistisch aufgerufen, gelesen und runtergeladen.<\/p>\n<p>Die UfSS steht f\u00fcr soziale Gerechtigkeit, Bildung und eine angemessene Beteiligung aller Gesellschaftsschichten an den Kosten des Staates. Auf der Homepage http:\/\/www.ufss.de werden die Kernpunkte einer sozialen und b\u00fcrgerfreundlichen Politik dargestellt. Daf\u00fcr werden Mitglieder, Gr\u00fcndungs- und F\u00f6rdermitglieder gesucht. Herzlich Willkommen.<\/p>\n","protected":false},"excerpt":{"rendered":"<p>Die UfSS legt auch mal eine kleine besinnliche Pause ein und sagt Danke, dass Sie unsere Informationen genutzt haben und w\u00fcnscht Ihnen ein sch\u00f6nes Weihnachtsfest und einen guten Start in das Neue Jahr 2018. Lehrte, 21.12.2017. Anfrage an die Redaktion &hellip; <a href=\"http:\/\/www.agenda-news.de\/?p=3857\">Weiterlesen <span class=\"meta-nav\">&rarr;<\/span><\/a><\/p>\n","protected":false},"author":2,"featured_media":0,"comment_status":"closed","ping_status":"open","sticky":false,"template":"","format":"standard","meta":{"footnotes":""},"categories":[1],"tags":[1077,1903,1905,1902,1904,117,1073,1906],"class_list":["post-3857","post","type-post","status-publish","format-standard","hentry","category-allgemein","tag-liebe","tag-skepsis-kinder","tag-universum","tag-unrecht","tag-verstand","tag-wahrheit","tag-weihnachtsmann","tag-zuneigung-erwachsene"],"_links":{"self":[{"href":"http:\/\/www.agenda-news.de\/index.php?rest_route=\/wp\/v2\/posts\/3857","targetHints":{"allow":["GET"]}}],"collection":[{"href":"http:\/\/www.agenda-news.de\/index.php?rest_route=\/wp\/v2\/posts"}],"about":[{"href":"http:\/\/www.agenda-news.de\/index.php?rest_route=\/wp\/v2\/types\/post"}],"author":[{"embeddable":true,"href":"http:\/\/www.agenda-news.de\/index.php?rest_route=\/wp\/v2\/users\/2"}],"replies":[{"embeddable":true,"href":"http:\/\/www.agenda-news.de\/index.php?rest_route=%2Fwp%2Fv2%2Fcomments&post=3857"}],"version-history":[{"count":2,"href":"http:\/\/www.agenda-news.de\/index.php?rest_route=\/wp\/v2\/posts\/3857\/revisions"}],"predecessor-version":[{"id":3860,"href":"http:\/\/www.agenda-news.de\/index.php?rest_route=\/wp\/v2\/posts\/3857\/revisions\/3860"}],"wp:attachment":[{"href":"http:\/\/www.agenda-news.de\/index.php?rest_route=%2Fwp%2Fv2%2Fmedia&parent=3857"}],"wp:term":[{"taxonomy":"category","embeddable":true,"href":"http:\/\/www.agenda-news.de\/index.php?rest_route=%2Fwp%2Fv2%2Fcategories&post=3857"},{"taxonomy":"post_tag","embeddable":true,"href":"http:\/\/www.agenda-news.de\/index.php?rest_route=%2Fwp%2Fv2%2Ftags&post=3857"}],"curies":[{"name":"wp","href":"https:\/\/api.w.org\/{rel}","templated":true}]}}