{"id":4115,"date":"2018-06-15T08:29:49","date_gmt":"2018-06-15T06:29:49","guid":{"rendered":"http:\/\/www.agenda-news.de\/?p=4115"},"modified":"2018-06-15T08:29:49","modified_gmt":"2018-06-15T06:29:49","slug":"agenda-news-scholz-und-macron-fordern-finanztransaktionssteuer","status":"publish","type":"post","link":"http:\/\/www.agenda-news.de\/?p=4115","title":{"rendered":"Agenda News: Scholz und Macron fordern Finanztransaktionssteuer"},"content":{"rendered":"<p><div id=\"attachment_4061\" style=\"width: 160px\" class=\"wp-caption alignleft\"><a href=\"http:\/\/www.agenda-news.de\/wp-content\/uploads\/2018\/05\/Dieter-Neumann.-071.jpg\"><img loading=\"lazy\" decoding=\"async\" aria-describedby=\"caption-attachment-4061\" src=\"http:\/\/www.agenda-news.de\/wp-content\/uploads\/2018\/05\/Dieter-Neumann.-071.jpg\" alt=\"\" width=\"150\" height=\"82\" class=\"size-full wp-image-4061\" \/><\/a><p id=\"caption-attachment-4061\" class=\"wp-caption-text\">Pressebericht Nr. 642<\/p><\/div>Wolfgang Sch\u00e4uble hielt die Einf\u00fchrung der Finanztransaktionssteuer in H\u00f6he von 40 Mrd. Euro f\u00fcr politisch nicht durchsetzbar. Nachdem Macron diese f\u00fcr alle EU Staaten fordert, hat sich Olaf Scholz zuversichtlich \u00fcber die Erfolgsaussichten einer B\u00f6rsensteuer ge\u00e4u\u00dfert.<\/p>\n<p>Lehrte, 15.06.2018.  \u201eJetzt bin ich der zust\u00e4ndige Minister, und jetzt wird es auch was werden\u201d, sagte der SPD-Politiker am Donnerstag bei einer Veranstaltung des WDR in Berlin.  Scholz verwies darauf, dass die Einf\u00fchrung einer Finanztransaktionssteuer bereits im vorigen und nun auch im aktuellen Koalitionsvertrag zwischen Union und SPD vereinbart wurde. Sein Amtsvorg\u00e4nger Wolfgang Sch\u00e4uble hatte jahrelang vergeblich mit mehreren EU-Staaten \u00fcber die Details der Abgabe auf B\u00f6rsengesch\u00e4fte verhandelt. <\/p>\n<p>Da ein EU-weiter Anlauf nach der Finanzkrise unter anderem am Widerstand Gro\u00dfbritanniens gescheitert war, hatten sich Deutschland, Frankreich und weitere L\u00e4nder um eine zwischenstaatliche L\u00f6sung bem\u00fcht. F\u00fcr ein solches Vorgehen sind mindestens neun EU-Staaten n\u00f6tig. Die Regierungen unter Brand, Schmidt, Kohl, Schr\u00f6der und Merkel sind der Wirtschaftswissenschaft gefolgt, die f\u00fcr Wirtschaftswachstum unbegrenzte Schulden forderte und fordert. Seit 1969 haben sie 2.140 Mrd. Euro mehr ausgegeben, als der Staat eingenommen hat.<\/p>\n<p>Helmut Kohl hat 1989 die Senkung der Lohnsteuer von 56 auf 42 % auf den Weg gebracht, 1991 die B\u00f6rsenumsatzsteuer ersatzlos gestrichen und 1997 die Verm\u00f6gensteuer \u201eausgesetzt\u201c. Besserverdiener, Reiche, Dienstleister und Produzenten haben davon profitiert. Gerd Schr\u00f6der ging mit Agenda 2010 noch einen Schritt weiter und schickt einen Gro\u00dfteil der Besch\u00e4ftigten, mit fallenden Bemessungsgrenzen f\u00fcr Renten bis 2040 auf 43 %, in Altersarmut. Die au\u00dferdem von Schr\u00f6der eingef\u00fchrten Dumping- und Niedrigl\u00f6hne, Teilzeitarbeit, Minijobs und Leiharbeit haben dazu beigetragen, dass sich Deutschland zum Niedriglohn und Niedrigrentenland Nummer 1 in der EU entwickelt hat.<\/p>\n<p>Von diesen Einnahmenverlusten hat sich Deutschland bis heute nicht erholt, sie setzen sich Jahr f\u00fcr Jahr fort. Aktuelle Nachrichten weisen darauf hin, dass erste Anzeichen f\u00fcr eine Talfahrt wegen Handelskonflikte (WTO-Chef), Industrie in der Eurozone f\u00fchr Produktion unerwartet deutlich runter (Reuters) und DIW senkt die Wachstumsprognose f\u00fcr Deutschland \u2013\u201eFirmen verunsichert\u201c. Die argentinische Regierung hat den Leitzins auf 40 % erh\u00f6ht. Der Internationale W\u00e4hrungsfonds (IWF) sprang mit einem Notkredit von 50 Mrd. Dollar ein. In den USA ist der Leitzins auf 1,75\/2,0 % gestiegen und in Italien auf 17,5 Prozent. <\/p>\n<p>10 Jahre nach der Lehman-Pleite in den USA leiden die Menschen unter Rezession, hohe Arbeitslosigkeit, steigende Inflationsraten, Mieten und Nebenkosten. Staats-und Regierungschefs haben keine Antworten auf die Schuldenkrise und weltweiten Problemen. In diesem Zusammenhang sind die Gesetze von 1948 und 1950 zum Notopfer Berlin, Londoner Schuldenabkommen, L\u00e4nderfinanzausgleich, Lastenausgleich und dem Solidarit\u00e4tszuschlag (1991) erw\u00e4hnenswert, mit denen B\u00fcrger und Unternehmen um rund 1.000 Mrd. Euro enteignet wurden. Rezession, hohe Arbeitslosigkeit, steigende Inflationsraten, steigende Mieten und Nebenkosten bremsen Wachstum und Staatseinnahmen zus\u00e4tzlich.<\/p>\n<p>Wie ein entsprechendes Konzept zur L\u00f6sung der Krisen aussehen kann, hat die Initiative Agenda 2011-2012 der \u00d6ffentlichkeit im Internet bereits im Mai 2010 zur Diskussion angeboten. Anhand von 30 Thesen wird ein Sanierungskonzept angeboten, das mit einem aktuellen Finanzrahmen von 275 Mrd. Euro f\u00fcr ausgeglichene Haushalte und R\u00fcckf\u00fchrung der Staatsschulden steht. Agenda 2011-2012 bietet einen komplexen Finanzrahmen und L\u00f6sungsvorschlage auf die gro\u00dfen Probleme und Aufgaben der Zeit an.<\/p>\n<p>Dieter Neumann<\/p>\n<p>Agenda 2011-2012<br \/>\nAgenda News<br \/>\nDieter Neumann<br \/>\nAhltener Stra\u00dfe 25<br \/>\n31275 Lehrte<br \/>\nTelefon\/Fax 05132-52919<br \/>\nE-Mail: Info@agenda2011-2012.de \u2013<br \/>\nhttp:\/\/www.agenda2011-2012.de<\/p>\n<p>Agenda 2011-2012 wurde im Mai 2010 gegr\u00fcndet und ist ein globales Konzept gegen Finanzkrisen. Der \u00d6ffentlichkeit wurde parallel dazu im Internet ein Sanierungskonzept mit einem j\u00e4hrlichen Finanzrahmen von 275 Milliarden Euro zur Diskussion angeboten, das f\u00fcr ausgeglichene Haushalte und R\u00fcckf\u00fchrung der Staatsschulden steht. Das Gr\u00fcndungsprotokoll ist 2010 als Sachbuch erschienen und aus Authentizit\u00e4tsgr\u00fcnden in der Staatsbibliothek Berlin hinterlegt.<\/p>\n<p>Agenda News ist das Presseorgan von Agenda 2011-2012. Presseberichte von Agenda News sind Spots zum Sachbuch Agenda 2011-2012 \u201eProtokoll einer Staatssanierung \u2013 Wege aus der Krise\u201c, Dieter Neumann, Books on DEMAND-Verlag Mai 2016. Fazit: \u201eDie Krise wird nur mit einer angemessenen Beteiligung aller Gesellschaftsschichten an den Kosten des Staates \u00fcberwunden.\u201c<\/p>\n","protected":false},"excerpt":{"rendered":"<p>Wolfgang Sch\u00e4uble hielt die Einf\u00fchrung der Finanztransaktionssteuer in H\u00f6he von 40 Mrd. Euro f\u00fcr politisch nicht durchsetzbar. Nachdem Macron diese f\u00fcr alle EU Staaten fordert, hat sich Olaf Scholz zuversichtlich \u00fcber die Erfolgsaussichten einer B\u00f6rsensteuer ge\u00e4u\u00dfert. Lehrte, 15.06.2018. \u201eJetzt bin &hellip; <a href=\"http:\/\/www.agenda-news.de\/?p=4115\">Weiterlesen <span class=\"meta-nav\">&rarr;<\/span><\/a><\/p>\n","protected":false},"author":2,"featured_media":0,"comment_status":"closed","ping_status":"open","sticky":false,"template":"","format":"standard","meta":{"footnotes":""},"categories":[1],"tags":[1379,1208,190,1974,1973,88,5,37,68],"class_list":["post-4115","post","type-post","status-publish","format-standard","hentry","category-allgemein","tag-einnahmenverluste","tag-finanzkrise","tag-finanztransaktionssteuer","tag-handelskonflikte","tag-koalitionsvertrag-altersarmut","tag-rezession","tag-sanierungskonzept","tag-wachstum","tag-zinsen"],"_links":{"self":[{"href":"http:\/\/www.agenda-news.de\/index.php?rest_route=\/wp\/v2\/posts\/4115","targetHints":{"allow":["GET"]}}],"collection":[{"href":"http:\/\/www.agenda-news.de\/index.php?rest_route=\/wp\/v2\/posts"}],"about":[{"href":"http:\/\/www.agenda-news.de\/index.php?rest_route=\/wp\/v2\/types\/post"}],"author":[{"embeddable":true,"href":"http:\/\/www.agenda-news.de\/index.php?rest_route=\/wp\/v2\/users\/2"}],"replies":[{"embeddable":true,"href":"http:\/\/www.agenda-news.de\/index.php?rest_route=%2Fwp%2Fv2%2Fcomments&post=4115"}],"version-history":[{"count":3,"href":"http:\/\/www.agenda-news.de\/index.php?rest_route=\/wp\/v2\/posts\/4115\/revisions"}],"predecessor-version":[{"id":4121,"href":"http:\/\/www.agenda-news.de\/index.php?rest_route=\/wp\/v2\/posts\/4115\/revisions\/4121"}],"wp:attachment":[{"href":"http:\/\/www.agenda-news.de\/index.php?rest_route=%2Fwp%2Fv2%2Fmedia&parent=4115"}],"wp:term":[{"taxonomy":"category","embeddable":true,"href":"http:\/\/www.agenda-news.de\/index.php?rest_route=%2Fwp%2Fv2%2Fcategories&post=4115"},{"taxonomy":"post_tag","embeddable":true,"href":"http:\/\/www.agenda-news.de\/index.php?rest_route=%2Fwp%2Fv2%2Ftags&post=4115"}],"curies":[{"name":"wp","href":"https:\/\/api.w.org\/{rel}","templated":true}]}}