{"id":4122,"date":"2018-06-19T07:13:55","date_gmt":"2018-06-19T05:13:55","guid":{"rendered":"http:\/\/www.agenda-news.de\/?p=4122"},"modified":"2018-06-19T07:13:55","modified_gmt":"2018-06-19T05:13:55","slug":"agenda-2011-2012-migration-und-fluchtlinge-streit-ohne-ende","status":"publish","type":"post","link":"http:\/\/www.agenda-news.de\/?p=4122","title":{"rendered":"Agenda 2011-2012: Migration und Fl\u00fcchtlinge &#8211; Streit ohne Ende"},"content":{"rendered":"<p><div id=\"attachment_3902\" style=\"width: 155px\" class=\"wp-caption alignleft\"><a href=\"http:\/\/www.agenda-news.de\/wp-content\/uploads\/2018\/01\/2er-Logos_2cm_053.jpg\"><img loading=\"lazy\" decoding=\"async\" aria-describedby=\"caption-attachment-3902\" src=\"http:\/\/www.agenda-news.de\/wp-content\/uploads\/2018\/01\/2er-Logos_2cm_053.jpg\" alt=\"Pressebericht Nr.. 633\" width=\"145\" height=\"95\" class=\"size-full wp-image-3902\" \/><\/a><p id=\"caption-attachment-3902\" class=\"wp-caption-text\">Pressebericht Nr. 643<\/p><\/div>Wer auf eine europ\u00e4ische Einigung in der Fl\u00fcchtlingsfrage hofft, d\u00fcrfte noch lange auf eine L\u00f6sung warten. Eine nationale L\u00f6sung wurde mit dem Koalitionsvertrag vorgegeben aber nicht eingehalten. Niemand kann darauf hoffen, dass sich unsere Probleme von alleine l\u00f6sen.<\/p>\n<p>Lehrte, 19.06.2018. Im Asylstreit fordern Seehofer und Dobrindt von der Kanzlerin Merkel einen nationalen Alleingang in der Fl\u00fcchtlingspolitik. Merkel will abwarten und darauf hinarbeiten, dass es zu einer europ\u00e4ischen L\u00f6sung kommt. Seit 2 Jahren ist eine gemeinsame Fl\u00fcchtlingspolitik daran gescheitert, dass Polen, Ungarn und Tschechien die ausgehandelten Quoten nicht einhalten. Es ist nicht zu erwarten, dass diese L\u00e4nder den Standpunkt \u00e4ndern und einlenken werden. Wie soll eine L\u00f6sung nach deren Vetorecht aussehen?<\/p>\n<p>Der jetzt von der EU-Kommission angesto\u00dfene Prozess w\u00e4re der Zweite in dieser Angelegenheit vor dem EuGH. Grund des Streits, zuk\u00fcnftig sollen Asylbewerber bereits an der Grenze abgewiesen werden, die schon in einem anderen EU-Land registriert wurden. Ein Vorhaben, das auf dem ersten Blick durchaus erstrebenswert erscheint. Dieses Vorgehen ist aber nicht im Schengener Abkommen vorgesehen. In diesem Zusammenhang geistert durch die Medien, dass Seehofer \u201eangeblich\u201c mit Merkel nicht mehr arbeiten kann.<\/p>\n<p>Die politischen Gr\u00fcnde d\u00fcrften au\u00dferdem in der bayrischen Landtagswahl im Oktober zu sehen sein. Eine von der Kanzlerin angestrebten Abstimmung im Bundestag birgt weitere Gefahren. In diesem Zusammenhang k\u00f6nnte Merkel die Vertrauensfrage gestellt werden. Sollte sie diese verlieren, w\u00fcrde die Regierung wahrscheinlich platzen und Neuwahlen zur Folge haben, was letztlich keiner will. Die Stimmung bei den B\u00fcrgern ist entsprechend schlecht. Laut Medien-Schlagzeilen senkt das DIW die Wirtschaftsprognose \u2013 \u201eFirmen verunsichert\u201c. Die Industrie in der EU19 Zone f\u00e4hrt Produktion unerwartet deutlich zur\u00fcck und erste Anzeichen f\u00fcr Talfahrt wegen Handelskonflikt.<\/p>\n<p>Die Regierung sollte sich anstelle von \u201eMigration\/Fl\u00fcchtlinge &#8211; Streit ohne Ende\u201c um z\u00fcgige Umsetzung des Koalitionsvertrages k\u00fcmmern und f\u00fcr soziale Sicherheit der Menschen sorgen. Die Preise an den Tankstellen steigen und die Preise f\u00fcr Wohnungen und Hauseigentum erh\u00f6hen sich noch deutlicher. Die Inflationsrate pendelt sich bei 2 % ein und Armut nimmt zu. Deutschland befindet sich noch mitten in der Schuldenkrise. Die Staatsschulden lagen 2017 bei rund 2.015 Mrd. Euro plus Schulden der Sozialversicherung von 428 Mrd. Euro. Daraufhin hat Destatis die Schulden Deutschland erstmalig mit 2.140 Mrd. Euro ausgewiesen.<\/p>\n<p>Zur \u00dcberwindung der Staatsschuldenkrise, Deutschland ist gem\u00e4\u00df der Maastricht-Schuldenobergrenze (60% des BIP) mit rund 160 Mrd. Euro \u00fcberschuldet, fehlen von der Regierung, Gewerkschaften, Parteien, \u00d6konomen, Unternehmen und Reichen Vorschl\u00e4ge, wie die Schulden abgebaut werden sollen. Bis 2040 gehen in der BRD  rund 20 Mio. Arbeitspl\u00e4tze verloren (Arbeit 4.0). Auch drauf haben die genannten Experten keine Antworten. Packen wir es an schl\u00e4gt Agenda 2011-2012 vor. <\/p>\n<p>Wie ein entsprechendes Konzept zur L\u00f6sung der Krisen aussehen kann, hat die Initiative Agenda 2011-2012 der \u00d6ffentlichkeit im Internet bereits im Mai 2010 zur Diskussion angeboten. Anhand von 30 Thesen wird ein Sanierungskonzept angeboten, das mit einem aktuellen Finanzrahmen von 275 Mrd. Euro f\u00fcr ausgeglichene Haushalte und R\u00fcckf\u00fchrung der Staatsschulden steht. Agenda 2011-2012 bietet einen komplexen Finanzrahmen und L\u00f6sungsvorschlage auf die gro\u00dfen Probleme und Aufgaben der Zeit an.<\/p>\n<p>Dieter Neumann<\/p>\n<p>Agenda 2011-2012                                                                                              Agenda News<br \/>\nDieter Neumann<br \/>\nAhltener Stra\u00dfe 25<br \/>\n31275 Lehrte<br \/>\nTelefon\/Fax 05132-52919<br \/>\ninfo@agenda2011-2012.de \u2013                                                    http:\/\/www.agenda2011-2012.de<\/p>\n<p>Agenda 2011-2012 wurde im Mai 2010 gegr\u00fcndet und ist ein globales Konzept gegen Finanzkrisen. Der \u00d6ffentlichkeit wurde parallel dazu im Internet ein Sanierungskonzept mit einem j\u00e4hrlichen Finanzrahmen von 275 Milliarden Euro zur Diskussion angeboten, das f\u00fcr ausgeglichene Haushalte und R\u00fcckf\u00fchrung der Staatsschulden steht. Das Gr\u00fcndungsprotokoll ist 2010 als Sachbuch erschienen und aus Authentizit\u00e4tsgr\u00fcnden in der Staatsbibliothek Berlin hinterlegt.<\/p>\n<p>Agenda News ist das Presseorgan von Agenda 2011-2012. Presseberichte von Agenda News sind Spots zum Sachbuch Agenda 2011-2012 \u201eProtokoll einer Staatssanierung \u2013 Wege aus der Krise\u201c, Dieter Neumann, Books on DEMAND-Verlag Mai 2016. Fazit: \u201eDie Krise wird nur mit einer angemessenen Beteiligung aller Gesellschaftsschichten, Reichen, Dienstleistern (65 % vom BIP) und Produzenten (35 % vom BIP) an den Staatskosten \u00fcberwunden.\u201c<\/p>\n","protected":false},"excerpt":{"rendered":"<p>Wer auf eine europ\u00e4ische Einigung in der Fl\u00fcchtlingsfrage hofft, d\u00fcrfte noch lange auf eine L\u00f6sung warten. Eine nationale L\u00f6sung wurde mit dem Koalitionsvertrag vorgegeben aber nicht eingehalten. Niemand kann darauf hoffen, dass sich unsere Probleme von alleine l\u00f6sen. Lehrte, 19.06.2018. &hellip; <a href=\"http:\/\/www.agenda-news.de\/?p=4122\">Weiterlesen <span class=\"meta-nav\">&rarr;<\/span><\/a><\/p>\n","protected":false},"author":2,"featured_media":0,"comment_status":"closed","ping_status":"open","sticky":false,"template":"","format":"standard","meta":{"footnotes":""},"categories":[1],"tags":[214,1977,1976,1979,1262,564,1975,1978,5,1390],"class_list":["post-4122","post","type-post","status-publish","format-standard","hentry","category-allgemein","tag-armut","tag-asylbewerber","tag-asylstreit","tag-eu-kommission","tag-fluchtlingspolitik","tag-koalitionsvertrag","tag-migrationfluchtlinge","tag-quoten","tag-sanierungskonzept","tag-schengener-abkommen"],"_links":{"self":[{"href":"http:\/\/www.agenda-news.de\/index.php?rest_route=\/wp\/v2\/posts\/4122","targetHints":{"allow":["GET"]}}],"collection":[{"href":"http:\/\/www.agenda-news.de\/index.php?rest_route=\/wp\/v2\/posts"}],"about":[{"href":"http:\/\/www.agenda-news.de\/index.php?rest_route=\/wp\/v2\/types\/post"}],"author":[{"embeddable":true,"href":"http:\/\/www.agenda-news.de\/index.php?rest_route=\/wp\/v2\/users\/2"}],"replies":[{"embeddable":true,"href":"http:\/\/www.agenda-news.de\/index.php?rest_route=%2Fwp%2Fv2%2Fcomments&post=4122"}],"version-history":[{"count":3,"href":"http:\/\/www.agenda-news.de\/index.php?rest_route=\/wp\/v2\/posts\/4122\/revisions"}],"predecessor-version":[{"id":4125,"href":"http:\/\/www.agenda-news.de\/index.php?rest_route=\/wp\/v2\/posts\/4122\/revisions\/4125"}],"wp:attachment":[{"href":"http:\/\/www.agenda-news.de\/index.php?rest_route=%2Fwp%2Fv2%2Fmedia&parent=4122"}],"wp:term":[{"taxonomy":"category","embeddable":true,"href":"http:\/\/www.agenda-news.de\/index.php?rest_route=%2Fwp%2Fv2%2Fcategories&post=4122"},{"taxonomy":"post_tag","embeddable":true,"href":"http:\/\/www.agenda-news.de\/index.php?rest_route=%2Fwp%2Fv2%2Ftags&post=4122"}],"curies":[{"name":"wp","href":"https:\/\/api.w.org\/{rel}","templated":true}]}}