{"id":4293,"date":"2019-03-01T07:31:55","date_gmt":"2019-03-01T06:31:55","guid":{"rendered":"http:\/\/www.agenda-news.de\/?p=4293"},"modified":"2019-03-01T07:31:55","modified_gmt":"2019-03-01T06:31:55","slug":"agenda-news-gesundheitsminister-verhindert-sterbehilfe","status":"publish","type":"post","link":"http:\/\/www.agenda-news.de\/?p=4293","title":{"rendered":"Agenda News: Gesundheitsminister verhindert Sterbehilfe"},"content":{"rendered":"<p><div id=\"attachment_4061\" style=\"width: 160px\" class=\"wp-caption alignleft\"><a href=\"http:\/\/www.agenda-news.de\/wp-content\/uploads\/2018\/05\/Dieter-Neumann.-071.jpg\"><img loading=\"lazy\" decoding=\"async\" aria-describedby=\"caption-attachment-4061\" src=\"http:\/\/www.agenda-news.de\/wp-content\/uploads\/2018\/05\/Dieter-Neumann.-071.jpg\" alt=\"\" width=\"150\" height=\"82\" class=\"size-full wp-image-4061\" \/><\/a><p id=\"caption-attachment-4061\" class=\"wp-caption-text\">Pressebericht Nr. 678<\/p><\/div>Trotz eines Gerichtsurteils zur Abgabepflicht t\u00f6dlich wirkender Medikamente an Schwerstkranke hat Bundesgesundheitsminister Jens Spahn (CDU) entsprechende Ma\u00dfnahmen des zust\u00e4ndigen Bundesamts f\u00fcr Arzneimittel und Medizinprodukte in Bonn unterbunden.<\/p>\n<p>Lehrte, 01.03..2019. Nach Medienberichten hat Bundesgesundheitsminister Jens Spahn entsprechende Ma\u00dfnahmen des Bundesamtes f\u00fcr Arzneimittel und Medizinprodukte (BfArM) 93 von insgesamt 123 vorliegenden Antr\u00e4gen auf Sterbehilfe abgelehnt. Einen positiven Bescheid habe es in keinem einzigen Fall gegeben, 22 suizidwillige Patienten seien in der Wartezeit verstorben.<\/p>\n<p>Eigentlich hatte das Bundesverwaltungsgericht in letzter Instanz im M\u00e4rz 2017 entschieden, dass Schwerkranke in einer \u201eunertr\u00e4glichen Leidenssituation\u201c vom zust\u00e4ndigen Bundesamt ausnahmsweise eine Erlaubnis zum Erwerb t\u00f6dlich wirkender Bet\u00e4ubungsmittel erhalten k\u00f6nnen. Das Bundesgesundheitsministerium weigert sich jedoch, das Urteil umzusetzen. Dort hei\u00dft es, der Staat wolle sich nicht zur Suizidassistenz verpflichten \u2013 eine Weisung von Minister Spahn h\u00f6chstpers\u00f6nlich.<\/p>\n<p>Man kann davon ausgehen, dass schwerstkranke Menschen wissen, was sie wollen. Sie m\u00f6chten nicht endlos leiden und wollen eine gesetzliche M\u00f6glichkeit der Sterbehilfe in Anspruch nehmen. In den Niederlanden, Schweiz und Belgien ist Sterbehilfe gesetzlich geregelt und straffrei. Dort ist Sterbehilfe erlaubt, siehe Pressebericht Nr. 656 vom 04.09.2018 (agenda2011-2012.de, agenda-news.de und www.ufss.de). Auf Wunsch unserer Leser verweisen wir auf die Gesch\u00e4ftsbedingungen von Dignitas:<\/p>\n<p>DIGNITAS \u2013 \u201emenschenunw\u00fcrdig leben &#8211; menschenw\u00fcrdig sterben\u201c ist ein gemeinn\u00fctziger Schweizer Verein, der sich einsetzt f\u00fcr Selbstbestimmung, Wahlfreiheit der Menschen und ein w\u00fcrdiges Beenden des Lebens.<\/p>\n<p>An dieser Stelle wollten Agenda2011-2012 die Gesch\u00e4ftsbedingungen von Dignitas ver\u00f6ffentlichen, um den Lesern einen umfassenden Bericht \u00fcber Bedingungen und Preise von Dignitas zu vermitteln. Bei telefonischer Abstimmung mit Dignitas Deutschland (Hannover) wurde festgestellt, dass das Schweizer Unternehmen die Zusammenarbeit, Auskunft, Betreuung und Hilfe f\u00fcr in Deutschland wohnhaften Personen als Direktmitglieder aufgegeben hat. Als Grund wird die durch Spahn f\u00fcr Deutschland angegebene Verhinderung von Sterbehilfe genannt.<\/p>\n<p>Da in den Niederlanden Sterbehilfe nur f\u00fcr Bewohner des Landesgew\u00e4hrt wird, ist eine Sterbehilfe in Europa f\u00fcr deutsche Staatsb\u00fcrger nicht m\u00f6glich. Nachdem sich  Jens Sahn bei der Organspende an der Schweiz orientiert haben d\u00fcrfte, in der jeder B\u00fcrger automatisch Organspender ist, und sich bei Bedarf davon \u201efreistellen lassen kann\u201c, w\u00e4re es ratsam, dass er sich auch an die \u201eSchweizer Sterbehilfe\u201c anpasst. Dort hat es die Mehrheit der B\u00fcrger so gewollt.<\/p>\n<p>Agenda 2011-2012 setzt sich f\u00fcr ein modernes, sozial gerechtes Deutschland ein. Dazu werden politische L\u00f6sungsans\u00e4tze f\u00fcr die wesentlichen Bereiche deutscher Politik angeboten. Dazu geh\u00f6rt, dass die Initiative Agenda 2011-2012 der \u00d6ffentlichkeit bereits im Mai 2010 im Internet  ein Sanierungskonzept zur Diskussion angeboten hat, das mit einem j\u00e4hrlichen Volumen von rund 275 Mrd. Euro f\u00fcr ausgeglichene Haushalte und R\u00fcckf\u00fchrung der Staatsschulden steht.<\/p>\n<p>Dieter Neumann<\/p>\n<p>Agenda 2011-2012<br \/>\nAgenda News<br \/>\nDieter Neumann<br \/>\nAhltener Stra\u00dfe 25<br \/>\n31275 Lehrte<br \/>\nTelefon\/Fax 05132-52919<br \/>\ninfo@agenda2011-2012.de<br \/>\nhttp:\/\/www.agenda2011-2012.de<\/p>\n<p>Agenda 2011-2012 wurde im Mai 2010 gegr\u00fcndet und ist ein globales Konzept gegen Finanzkrisen. Der \u00d6ffentlichkeit wurde parallel dazu im Internet ein Sanierungskonzept mit einem j\u00e4hrlichen Finanzrahmen von 275 Milliarden Euro zur Diskussion angeboten, das f\u00fcr ausgeglichene Haushalte und R\u00fcckf\u00fchrung der Staatsschulden steht. Das Gr\u00fcndungsprotokoll ist 2010 als Sachbuch erschienen und aus Authentizit\u00e4tsgr\u00fcnden in der Staatsbibliothek Berlin hinterlegt.<\/p>\n<p>Agenda News ist das Presseorgan von Agenda 2011-2012. Presseberichte von Agenda News sind Spots zum Sachbuch Agenda 2011-2012 \u201eProtokoll einer Staatssanierung \u2013 Wege aus der Krise\u201c, Dieter Neumann, Books on DEMAND-Verlag Mai 2016. Fazit: \u201eDie Krise wird nur mit einer angemessenen Beteiligung aller Gesellschaftsschichten, Reichen, Dienstleistern (65 % vom BIP) und Produzenten (35 % vom BIP) an den Staatskosten \u00fcberwunden.\u201c<\/p>\n","protected":false},"excerpt":{"rendered":"<p>Trotz eines Gerichtsurteils zur Abgabepflicht t\u00f6dlich wirkender Medikamente an Schwerstkranke hat Bundesgesundheitsminister Jens Spahn (CDU) entsprechende Ma\u00dfnahmen des zust\u00e4ndigen Bundesamts f\u00fcr Arzneimittel und Medizinprodukte in Bonn unterbunden. Lehrte, 01.03..2019. Nach Medienberichten hat Bundesgesundheitsminister Jens Spahn entsprechende Ma\u00dfnahmen des Bundesamtes f\u00fcr &hellip; <a href=\"http:\/\/www.agenda-news.de\/?p=4293\">Weiterlesen <span class=\"meta-nav\">&rarr;<\/span><\/a><\/p>\n","protected":false},"author":2,"featured_media":4061,"comment_status":"closed","ping_status":"open","sticky":false,"template":"","format":"standard","meta":{"footnotes":""},"categories":[1],"tags":[2079,2085,2083,5,2081,2009,2082,2080,2084],"class_list":["post-4293","post","type-post","status-publish","format-standard","has-post-thumbnail","hentry","category-allgemein","tag-abgabepflicht","tag-arzneimittel","tag-organspenden","tag-sanierungskonzept","tag-schwerstkranke","tag-sterbehilfe","tag-sterbehilfe-schweiz","tag-toedliche-medikamente","tag-unertraegliche-leidenssituation"],"_links":{"self":[{"href":"http:\/\/www.agenda-news.de\/index.php?rest_route=\/wp\/v2\/posts\/4293","targetHints":{"allow":["GET"]}}],"collection":[{"href":"http:\/\/www.agenda-news.de\/index.php?rest_route=\/wp\/v2\/posts"}],"about":[{"href":"http:\/\/www.agenda-news.de\/index.php?rest_route=\/wp\/v2\/types\/post"}],"author":[{"embeddable":true,"href":"http:\/\/www.agenda-news.de\/index.php?rest_route=\/wp\/v2\/users\/2"}],"replies":[{"embeddable":true,"href":"http:\/\/www.agenda-news.de\/index.php?rest_route=%2Fwp%2Fv2%2Fcomments&post=4293"}],"version-history":[{"count":1,"href":"http:\/\/www.agenda-news.de\/index.php?rest_route=\/wp\/v2\/posts\/4293\/revisions"}],"predecessor-version":[{"id":4294,"href":"http:\/\/www.agenda-news.de\/index.php?rest_route=\/wp\/v2\/posts\/4293\/revisions\/4294"}],"wp:featuredmedia":[{"embeddable":true,"href":"http:\/\/www.agenda-news.de\/index.php?rest_route=\/wp\/v2\/media\/4061"}],"wp:attachment":[{"href":"http:\/\/www.agenda-news.de\/index.php?rest_route=%2Fwp%2Fv2%2Fmedia&parent=4293"}],"wp:term":[{"taxonomy":"category","embeddable":true,"href":"http:\/\/www.agenda-news.de\/index.php?rest_route=%2Fwp%2Fv2%2Fcategories&post=4293"},{"taxonomy":"post_tag","embeddable":true,"href":"http:\/\/www.agenda-news.de\/index.php?rest_route=%2Fwp%2Fv2%2Ftags&post=4293"}],"curies":[{"name":"wp","href":"https:\/\/api.w.org\/{rel}","templated":true}]}}