{"id":4302,"date":"2019-04-03T05:29:31","date_gmt":"2019-04-03T03:29:31","guid":{"rendered":"http:\/\/www.agenda-news.de\/?p=4302"},"modified":"2019-05-16T18:40:19","modified_gmt":"2019-05-16T16:40:19","slug":"agenda-news-elektroautos-fluch-und-segen-2","status":"publish","type":"post","link":"http:\/\/www.agenda-news.de\/?p=4302","title":{"rendered":"Agenda News: Elektroautos Fluch und Segen"},"content":{"rendered":"<div id=\"attachment_4061\" style=\"width: 160px\" class=\"wp-caption alignleft\"><a href=\"http:\/\/www.agenda-news.de\/wp-content\/uploads\/2018\/05\/Dieter-Neumann.-071.jpg\"><img loading=\"lazy\" decoding=\"async\" aria-describedby=\"caption-attachment-4061\" src=\"http:\/\/www.agenda-news.de\/wp-content\/uploads\/2018\/05\/Dieter-Neumann.-071.jpg\" alt=\"\" width=\"150\" height=\"82\" class=\"size-full wp-image-4061\" \/><\/a><p id=\"caption-attachment-4061\" class=\"wp-caption-text\">Pressebericht Nr. 681<\/p><\/div>\n<p>In dicken Lettern lie\u00df die Bundesregierung verk\u00fcnden, dass bis 2020<br \/>\neine Million Elektroautos auf deutschen Stra\u00dfen rollen. Davon der<br \/>\nGro\u00dfteil aus dem Ausland wegen der st\u00e4rkeren Pr\u00e4senz auf dem Weltmarkt.<\/p>\n<p>Lehrte, 30.03.2018. Man darf nach Presseberichten davon ausgehen, dass eine<br \/>\nserienreife Produktion von E-Autos nicht mehr in der fernen Zukunft liegt,<br \/>\nsondern bis 2021, neben Tesla auf breiter Front stattfinden wird. Federf\u00fchrend<br \/>\nsind derzeit neben Tesla, Japan und China. Es sind auch Hinweise vorhanden,<br \/>\ndass Einstiegspreise f\u00fcr E-Modelle von 22.000 Euro m\u00f6glich werden k\u00f6nnten. Bis<br \/>\nzu 22.000 Euro werden pro Jahr viele Millionen PKW mit Verbrennungsmotoren verkauft. Diese<br \/>\nK\u00e4ufergruppe wird weiterhin PKWs im unteren Preissegment suchen. <\/p>\n<p>Der Deutsche Automarkt hat derzeit andere Probleme. Die Autoexporte sind seit 2009.<br \/>\nim zweiten Halbjahr 2018 eingebrochen. Die USA und Gro\u00dfbritannien sind zu<br \/>\nHochrisikom\u00e4rkten geworden. Der Export in die USA ging um 5 % auf 27,2 Mrd.<br \/>\nEuro und der nach Gro\u00dfbritannien um 10% auf 22,5 Mrd. Euro zur\u00fcck. Die Handels-<br \/>\npolitik der USA und der Brexit d\u00fcrften die M\u00e4rkte weiter belasten. Die Ford Werke der<br \/>\nUSA schlie\u00dfen 5 Werke, was 15.000 Arbeitsplatzverlust bedeutet. Ford plant in Deutsch-<br \/>\nland die Entlassung von 5.000 und VW 5000 bis 7.000 Mitarbeitern.<\/p>\n<p>Der Blick auf den asiatischen Raum ist auch wichtig, da dort derzeit die gr\u00f6\u00dften<br \/>\nKompetenzen f\u00fcr den Bau von Autobatteriezellen liegen. Dennoch nehmen Auto-<br \/>\nkonzerne und Politik gemeinsam Fahrt auf, um elektrisch angetriebene Fahrzeuge<br \/>\nauf dem Massenmarkt zu etablieren. Elektroautos gelten als umweltfreundlich, da sie<br \/>\nemissionsfrei fahren. Alles andere als umweltfreundlich sind die Lithium-Ionen-Batterien bei der<br \/>\nEntsorgung. Aufgrund dieser Batterien kam es zu mehreren Motorbr\u00e4nden. <\/p>\n<p>Bis 2020 sollten eine Millionen Elektroautos auf deutschen Stra\u00dfen rollen, weil rund<br \/>\n20 % der C02-Emissionen durch den Verkehr erzeugt werden. Die \u00d6lbranche k\u00f6nnte<br \/>\nzum gro\u00dfen Verlierer des E-Auto-Booms werden. Nach Bloomberg-Experten d\u00fcrften<br \/>\nE-Autos im Jahr 2023 t\u00e4glich eine \u00d6l-Nachfrage von 2 Millionen Barells unteschreiten,<br \/>\nwas ein globaler \u00d6l\u00fcberschuss und ein Crash des \u00d6lpreises zur Folge h\u00e4tten, da genau<br \/>\ndiese Menge \u00d6l im Jahre 2014 zur \u00d6lpreis-Krise beigetragen hat.<\/p>\n<p>Die Entwicklung des E-Autos f\u00e4llt in eine Zeit, in der bis 2040 rund 20 Millionen<br \/>\nArbeitspl\u00e4tze in Deutschland verloren gehen. Anfang der 1970er Jahre haben sich<br \/>\ndeutsche Unternehmen umgestellt: Risikominimierung, Gewinnmaximierung,<br \/>\nSynergieeffekte, Rationalisierung, Marktanalysen und exakte Planungen wurden zu<br \/>\nneuen Leitlinien. <\/p>\n<p>In Deutschland gehen bis 2040 rund 20 Millionen Arbeitspl\u00e4tze verloren(Arbeit 4.0).<br \/>\nDurch die effiziente Nutzung von Computer, Roboter und k\u00fcnstliche Intelligenz .werden<br \/>\ndie Bereiche Dienstleitung und Produktion weniger Personal ben\u00f6tigen und h\u00f6here<br \/>\nRenditen erarbeiten. Der Staat wird bis 2040 j\u00e4hrlich bis zu 290 Mrd. Euro an<br \/>\nEinnahmen aus den Sozialabgaben und Lohnsteuern verzichten. <\/p>\n<p>Um den Atomausstieg wurde Jahrzehntelang gestritten. Der SUPERGAU in<br \/>\nFukushima hat dazu gef\u00fchrt, dass Deutschland zu einer L\u00f6sung des Problems kam.<br \/>\nEine Endlagerung des Atomm\u00fclls steht in weiter Ferne. Angela Merkel hat eine<br \/>\nuneingeschr\u00e4nkte Einreise von Fl\u00fcchtlingen verf\u00fcgt. Die geistige Elite hat das Thema<br \/>\n\u201e20 Millionen Arbeitslose\u201c, was f\u00fcr die Menschen schlimmer ist, als die beiden vorab<br \/>\ngeschilderten Herausforderungen, noch nicht zur Kenntnis genommen. Sie<br \/>\nwerden dieses Problem nicht aussitzen k\u00f6nnen.<\/p>\n<p>Beim Brexit hat die politische Elite in Gro\u00dfbritannien vollkommen versagt. Diese<br \/>\nGefahr k\u00f6nnte sich im Hinblick auf den SUPERGAU Arbeitslosigkeit in Deutschland<br \/>\nwiederholen. Agenda 2011-2012 ist der Zeit weit voraus: Agenda 2011-2012 setzt<br \/>\nsich f\u00fcr ein modernes, gerechtes Deutschland ein. Es werden politische L\u00f6sungs-<br \/>\nans\u00e4tze f\u00fcr die wesentlichen Bereiche deutscher Politik unterbreitet. <\/p>\n<p>Dazu geh\u00f6rt, dass die Initiative Agenda 2011-2012 der \u00d6ffentlichkeit bereits im Mai                                                                                                                       2010 im Internet ein Sanierungskonzept zur Diskussion angeboten hat, das mit                                                                                                                        einem j\u00e4hrlichen Volumen von rund 275 Mrd. Euro f\u00fcr ausgeglichene Haushalte                                                                                                                                 und R\u00fcckf\u00fchrung der Staatsschulden steht.<\/p>\n<p>Dieter Neumann<br \/>\nAgenda 2011-2012<br \/>\nAgenda News<br \/>\nDieter Neumann<br \/>\nAhltener Stra\u00dfe 25<br \/>\n31275 Lehrte<br \/>\nTelefon\/Fax 05132-52919<br \/>\ninfo@agenda2011-2012.de<br \/>\nhttp:\/\/www.agenda2011-2012.de<\/p>\n<p>Agenda 2011-2012 wurde im Mai 2010 gegr\u00fcndet und ist ein globales Konzept<br \/>\ngegen Finanzkrisen. Der \u00d6ffentlichkeit wurde parallel dazu im Internet ein<br \/>\nSanierungskonzept mit einem j\u00e4hrlichen Finanzrahmen von 275 Milliarden Euro<br \/>\nzur Diskussion angeboten, das f\u00fcr ausgeglichene Haushalte und R\u00fcckf\u00fchrung der<br \/>\nStaatsschulden steht. Das Gr\u00fcndungsprotokoll ist 2010 als Sachbuch erschienen<br \/>\nund aus Authentizit\u00e4tsgr\u00fcnden in der Staatsbibliothek Berlin hinterlegt.<\/p>\n<p>Agenda News ist das Presseorgan von Agenda 2011-2012. Presseberichte von<br \/>\nAgenda News sind Spots zum Sachbuch Agenda 2011-2012 \u201eProtokoll einer<br \/>\nStaatssanierung \u2013 Wege aus der Krise\u201c, Dieter Neumann, Books on DEMAND-Verlag<br \/>\nMai 2016. Fazit: \u201eDie Krise wird nur mit einer angemessenen Beteiligung aller<br \/>\nGesellschaftsschichten, Reichen, Dienstleistern (70 % vom BIP) und Produzenten<br \/>\n(30 % vom BIP) an den Staatskosten \u00fcberwunden.<\/p>\n","protected":false},"excerpt":{"rendered":"<p>In dicken Lettern lie\u00df die Bundesregierung verk\u00fcnden, dass bis 2020 eine Million Elektroautos auf deutschen Stra\u00dfen rollen. Davon der Gro\u00dfteil aus dem Ausland wegen der st\u00e4rkeren Pr\u00e4senz auf dem Weltmarkt. Lehrte, 30.03.2018. Man darf nach Presseberichten davon ausgehen, dass eine &hellip; <a href=\"http:\/\/www.agenda-news.de\/?p=4302\">Weiterlesen <span class=\"meta-nav\">&rarr;<\/span><\/a><\/p>\n","protected":false},"author":2,"featured_media":0,"comment_status":"closed","ping_status":"open","sticky":false,"template":"","format":"standard","meta":{"footnotes":""},"categories":[1],"tags":[2095,2092,2091,2087,2088,2093,2090,5,2094,2089],"class_list":["post-4302","post","type-post","status-publish","format-standard","hentry","category-allgemein","tag-anfangspreislagen","tag-autobatteriezellen","tag-autoexporte","tag-elektroautos","tag-fluch-und-segen","tag-lithium-ionen-batterien","tag-preissegment","tag-sanierungskonzept","tag-tesla","tag-weltmarkt"],"_links":{"self":[{"href":"http:\/\/www.agenda-news.de\/index.php?rest_route=\/wp\/v2\/posts\/4302","targetHints":{"allow":["GET"]}}],"collection":[{"href":"http:\/\/www.agenda-news.de\/index.php?rest_route=\/wp\/v2\/posts"}],"about":[{"href":"http:\/\/www.agenda-news.de\/index.php?rest_route=\/wp\/v2\/types\/post"}],"author":[{"embeddable":true,"href":"http:\/\/www.agenda-news.de\/index.php?rest_route=\/wp\/v2\/users\/2"}],"replies":[{"embeddable":true,"href":"http:\/\/www.agenda-news.de\/index.php?rest_route=%2Fwp%2Fv2%2Fcomments&post=4302"}],"version-history":[{"count":5,"href":"http:\/\/www.agenda-news.de\/index.php?rest_route=\/wp\/v2\/posts\/4302\/revisions"}],"predecessor-version":[{"id":4337,"href":"http:\/\/www.agenda-news.de\/index.php?rest_route=\/wp\/v2\/posts\/4302\/revisions\/4337"}],"wp:attachment":[{"href":"http:\/\/www.agenda-news.de\/index.php?rest_route=%2Fwp%2Fv2%2Fmedia&parent=4302"}],"wp:term":[{"taxonomy":"category","embeddable":true,"href":"http:\/\/www.agenda-news.de\/index.php?rest_route=%2Fwp%2Fv2%2Fcategories&post=4302"},{"taxonomy":"post_tag","embeddable":true,"href":"http:\/\/www.agenda-news.de\/index.php?rest_route=%2Fwp%2Fv2%2Ftags&post=4302"}],"curies":[{"name":"wp","href":"https:\/\/api.w.org\/{rel}","templated":true}]}}