{"id":547,"date":"2013-05-17T00:27:07","date_gmt":"2013-05-16T22:27:07","guid":{"rendered":"http:\/\/www.agenda-news.de\/?p=547"},"modified":"2013-05-17T00:27:07","modified_gmt":"2013-05-16T22:27:07","slug":"die-groste-ungerechtigkeit-4-kinderarmut","status":"publish","type":"post","link":"http:\/\/www.agenda-news.de\/?p=547","title":{"rendered":"Die gr\u00f6\u00dfte Ungerechtigkeit (4) \u2013 Kinderarmut"},"content":{"rendered":"<p>Lehrte, 17. Mai 2013  Kinder gelten als arm, wenn sie in Haushalten leben, deren Einkommen unterhalb einer relativen Armutsgrenze liegt. Nach dem Wochenbericht des Deutsche Instituts f\u00fcr Wirtschaftsforschung ist  jedes 5. Kind arm.  Unicef geht davon aus, dass jedes sechste Kind von Armut betroffen ist, laut  AGJ lebt jeder Vierte zwischen 16 und 24 alte Jugendliche in materieller Not oder ist davon betroffen. Allein die Vorstellung, dass 2,5 Millionen Kinder in Deutschland in Armut leben ist deprimierend.<\/p>\n<p>Bekommen Kinder aufgrund der Erwerbt\u00e4tigkeit der Eltern (Alleinerziehenden) Kindergeld und damit kostenlose Schulspeise, m\u00fcssen Kinder von Regelsatz-Empf\u00e4ngern die Schulspeise bezahlen. In der Diskussion sind diverse Vorschl\u00e4ge f\u00fcr eine Kindergrundsicherung \u00e4hnlich der bedarfsorientierten Sozialhilfe und \u00e4hnlich der Grundsicherung im Alter und bei Erwerbsminderung. Die Grundsicherung w\u00fcrde bisherige Leistungen des Staates wie das Kindergeld, die Ausbildungsf\u00f6rderung (BAf\u00f6G) oder das Sozialgeld (Hartz IV f\u00fcr Kinder), ersetzen und \u201eKinder gleichstellen\u201c. <\/p>\n<p>Die AWO stellte im September 2012 ihre Langzeitstudie zu Kinderarmut in Berlin vor.  Das Fazit des Vorsitzenden der Arbeiterwohlfahrt (AWO), Wolfgang Stadler, Armut bleibt das gr\u00f6\u00dfte Entwicklungsrisiko f\u00fcr Kinder und Jugendliche. Eine Tatsache, die seit vielen Jahren immer wieder in Studien aus vielen Industriel\u00e4ndern best\u00e4tigt wird. Armut dr\u00fcckt auch auf Bildung und Ausbildung. Wobei die Chancengleichheit nicht gewahrt bleibt. Opposition und Koalition sind sich dar\u00fcber einig, dass Kinderarmut nicht hingenommen werden darf.<\/p>\n<p>Sie passt aber irgendwie in das gesellschaftliche Gesamtbild. Die sich um arme Kinder k\u00fcmmern sollten werden von unz\u00e4hligen Lebensmittelskandalen, neu das Kartoffelsyndikat, Sex- und Vergewaltigungsskandalen, Vorteilsnahmen, Bestechung, Korruption, Drogen und Menschenhandel in Atem gehalten. Transplantationsskandale,  \u00c4rzte und Krankenh\u00e4user betr\u00fcgen  Krankenkassen und bringen unser Versicherungswesen in Verruf. Hunderte von Stiftungen sind, ebenso wie Zehntausende reiche Steuerbetr\u00fcger, ins Visier von Fahndern geraten. <\/p>\n<p>Ein totales Versagen der Politik bei NSU-Verbrechen, da Rahmenbedingungen, die das h\u00e4tten verhindern k\u00f6nnen nicht geschaffen wurden. Verteidigungsminister De Maizi\u00e8re wollte eigentlich \u00fcber die, aus seiner Sicht, erfolgreiche Reform der Bundeswehr sprechen. Die Reform sollte bis 2015 Einsparungen von 8,3 Mrd. Euro bewirken, angefallen sind bisher Schulden in Milliardenh\u00f6he. Mit der Drohne \u201eEuro Hawk\u201c wollte man in der vordersten Front bei Kriegseins\u00e4tzen der Bundeswehr stehen. Pech ist, dass der Prototyp nicht im europ\u00e4ischen Luftraum fliegen darf und so zum Milliardengrab wird. <\/p>\n<p>Das eigentliche Ziel, Teil einer Europa Armee zu werden wurde ebenso aus den Augen verloren, wie der innere Zustand der Bundeswehr. Weit \u00fcber das Ziel geschossen sind politische Entscheidungen auch bei der Hamburger Philharmonie, Stuttgart21 und dem Gro\u00df-Flughafen Berlin. Eins haben sie alle gemeinsam, es wurden Milliarden vergeudet, die besser f\u00fcr arme Kinder, Krippenpl\u00e4tze, Kinderg\u00e4rten und Schulen, Ausbildung und Bildung angelegt worden w\u00e4ren. <\/p>\n<p>Die Staatskassen sind leer, die Steuereinnahmen r\u00fcckl\u00e4ufig. Woher nehmen, wenn nicht stehlen? Die Initiative Agenda 2011 \u2013 2012 stellt eine einfache und probate L\u00f6sung zur Diskussion, eine Sonderbriefmarke \u201eKinderhilfe\u201c, so wie  die Westlichen Alliierten 1948 das Notopfer Berlin einf\u00fchrten. Es wurde eine Reihe von  Postsendungen mit einer Zusatzmarke von 2 Pfennig  beklebt (schlie\u00dflich taten die 2 Pfennig keinem weh). Auf diese auf  Art kamen in 7 Jahren 430.000 DM zusammen.<\/p>\n<p>Die Deutsche Post teilt uns am 20.04.2010 mit, dass 2009 an Briefen und Postkarten 21 Milliarden St\u00fcck und an Paketgut 678 Millionen St\u00fcck verschickt wurden. Inklusiv der privaten Zusteller sind das \u00fcber 26 Milliarden Zustellungen 2009! A 5 Cent pro Postst\u00fcck, und das tut auch heute keinem weh, w\u00fcrden das 1,3 Milliarden Euro pro Jahr und  in 5 Jahre 6,5 Milliarden Euro Einnahmen bedeuten. <\/p>\n<p>1948 entstand ein noch bedeutenderes Gesetz, das Gesetz zum Lastenausgleich, zur \u201eUmverteilung\u201c von Verm\u00f6gen. \u201eDiese Umverteilung erfolgte dadurch, dass diejenigen, denen erhebliches Verm\u00f6gen verblieben war (insbesondere betraf das Immobilien), eine Lastenausgleichsabgabe zahlten. Die H\u00f6he dieser Abgabe wurde nach der H\u00f6he des Verm\u00f6gens mit Stand vom 21. Juni 1948 berechnet. Die Abgabe belief sich auf 50 % des berechneten Verm\u00f6genswertes und konnte in bis zu 120 viertelj\u00e4hrlichen Raten, also verteilt auf 30 Jahre, in den Ausgleichsfonds eingezahlt werden (Wikipedia)\u201c.<\/p>\n<p>Vor diesem Hintergrund ist die Entscheidung der Troika &#8211; EU, EZB und IWF &#8211;  zu sehen, 30 % der Bankguthaben in Zypern einzuziehen, um damit der \u00dcberschuldung zu begegnen. Die gleichen Pl\u00e4ne f\u00fcr Europa liegen seit Mitte 2012 in ihren Schubladen. Die heutige Forderung von Politikern nach einer Umverteilung w\u00fcrde unter diesen Vorzeichen bedeuten, dass  die Finanz- und Verm\u00f6genselite st\u00e4rker an den Kosten des Staates beteiligt wird. Damit w\u00e4re   armen Kindern und Jugendlichen geholfen.<\/p>\n<p>Die Initiative Agenda 2011 \u2013 2012 hat ein Sanierungsprogramm erarbeite, das mit einem j\u00e4hrlichen Volumen von \u00fcber 275 Mrd. Euro f\u00fcr ausgeglichene Haushalte und R\u00fcckf\u00fchrung der Staatsschulden steht. Wir stehen nicht links oder rechts, wir stehen f\u00fcr soziale Gerechtigkeit.<\/p>\n<p>Dieter Neumann <\/p>\n<p>Dieter Neumann<br \/>\nAgenda 2011 \u2013 2012<br \/>\nAgenda News<br \/>\n31275 Lehrte<br \/>\nWintershall Allee 7<br \/>\nTelefon\/Fax 05132-52919<br \/>\ninfo@agenda2011-2012.de<br \/>\nwww.agenda2011-2012.de<\/p>\n<p>Die Initiative Agenda 2011- 2012 wurde am 20. Mai 2010 gegr\u00fcndet und hat sich auf  Konsolidierung der Einzelhaushalte, ausgeglichene Bundeshaushalte und R\u00fcckf\u00fchrung der Staatsschulden spezialisiert. Es ist wahrscheinlich die einzige Institution in Europa, die ein Sanierungskonzept mit einem j\u00e4hrlichen Volumen von \u00fcber 275 Milliarden Euro anbietet. Der Schwerpunkt liegt in  \u00d6ffentlichkeitsarbeit und konzeptioneller Unterst\u00fctzung der Regierung und Opposition. Das Gr\u00fcndungsprotokoll ist 2010 als Sachbuch erschienen. F\u00fcr weitere  Informationen stehen die Internetseiten Agenda 2011 &#8211; 2012 und die Online-Zeitung Agenda News zur Verf\u00fcgung. <\/p>\n","protected":false},"excerpt":{"rendered":"<p>Lehrte, 17. Mai 2013 Kinder gelten als arm, wenn sie in Haushalten leben, deren Einkommen unterhalb einer relativen Armutsgrenze liegt. Nach dem Wochenbericht des Deutsche Instituts f\u00fcr Wirtschaftsforschung ist jedes 5. Kind arm. Unicef geht davon aus, dass jedes sechste &hellip; <a href=\"http:\/\/www.agenda-news.de\/?p=547\">Weiterlesen <span class=\"meta-nav\">&rarr;<\/span><\/a><\/p>\n","protected":false},"author":2,"featured_media":0,"comment_status":"closed","ping_status":"open","sticky":false,"template":"","format":"standard","meta":{"footnotes":""},"categories":[1],"tags":[494,10,495,489,492,490,491,5,85,493],"class_list":["post-547","post","type-post","status-publish","format-standard","hentry","category-allgemein","tag-ausbildung","tag-bildung","tag-entwicklungsrisiko","tag-kinderarmut","tag-kindergarten","tag-kindergrundsicherung","tag-krippenplatze","tag-sanierungskonzept","tag-schulden","tag-schulen"],"_links":{"self":[{"href":"http:\/\/www.agenda-news.de\/index.php?rest_route=\/wp\/v2\/posts\/547","targetHints":{"allow":["GET"]}}],"collection":[{"href":"http:\/\/www.agenda-news.de\/index.php?rest_route=\/wp\/v2\/posts"}],"about":[{"href":"http:\/\/www.agenda-news.de\/index.php?rest_route=\/wp\/v2\/types\/post"}],"author":[{"embeddable":true,"href":"http:\/\/www.agenda-news.de\/index.php?rest_route=\/wp\/v2\/users\/2"}],"replies":[{"embeddable":true,"href":"http:\/\/www.agenda-news.de\/index.php?rest_route=%2Fwp%2Fv2%2Fcomments&post=547"}],"version-history":[{"count":1,"href":"http:\/\/www.agenda-news.de\/index.php?rest_route=\/wp\/v2\/posts\/547\/revisions"}],"predecessor-version":[{"id":549,"href":"http:\/\/www.agenda-news.de\/index.php?rest_route=\/wp\/v2\/posts\/547\/revisions\/549"}],"wp:attachment":[{"href":"http:\/\/www.agenda-news.de\/index.php?rest_route=%2Fwp%2Fv2%2Fmedia&parent=547"}],"wp:term":[{"taxonomy":"category","embeddable":true,"href":"http:\/\/www.agenda-news.de\/index.php?rest_route=%2Fwp%2Fv2%2Fcategories&post=547"},{"taxonomy":"post_tag","embeddable":true,"href":"http:\/\/www.agenda-news.de\/index.php?rest_route=%2Fwp%2Fv2%2Ftags&post=547"}],"curies":[{"name":"wp","href":"https:\/\/api.w.org\/{rel}","templated":true}]}}